{"id":6274,"date":"2019-03-27T23:47:04","date_gmt":"2019-03-27T21:47:04","guid":{"rendered":"https:\/\/akiarabooks.com\/dos-albums-illustrats-per-emocionar-i-fer-pensar\/"},"modified":"2019-03-29T16:48:32","modified_gmt":"2019-03-29T14:48:32","slug":"dos-albums-illustrats-per-emocionar-i-fer-pensar","status":"publish","type":"post","link":"https:\/\/akiarabooks.com\/es\/dos-albums-illustrats-per-emocionar-i-fer-pensar\/","title":{"rendered":"Dos \u00e1lbumes para emocionar"},"content":{"rendered":"<p><strong>A finales de marzo llegar\u00e1n a las librer\u00edas los dos nuevos \u00e1lbumes de AKIARA books, cargados de sabidur\u00eda y humanidad. Con un estilo gr\u00e1fico y literario muy diferente, ambos son invitaciones a la lectura po\u00e9tica, a la experiencia emocional y la reflexi\u00f3n sobre la vida y la relaci\u00f3n privilegiada entre abuelos y nietos.<\/strong><\/p>\n<p><a href=\"https:\/\/akiarabooks.com\/llibre\/el-cami\/\"><em>El camino<\/em><\/a> El camino es un poema filos\u00f3fico de <a href=\"https:\/\/akiarabooks.com\/es\/autor\/mario-satz-2\/\">Mario Satz<\/a>, escritor argentino residente en Catalu\u00f1a desde 1978, con m\u00e1s de una treintena de libros publicados (entre ellos, <a href=\"https:\/\/akiarabooks.com\/es\/libro\/la-pluma\/\"><em>La pluma<\/em><\/a>, que vio la luz hace un a\u00f1o en AKIARA). En este texto, pensado para ser saboreado poco a poco por los peque\u00f1os en compa\u00f1\u00eda de los grandes, se percibe la sabidur\u00eda de quien ha le\u00eddo y vivido mucho. Y es que no hay caminos hechos, nos advierte el autor, cada uno debe descubrir el suyo. Las ilustraciones de la portuguesa <a href=\"https:\/\/akiarabooks.com\/es\/autor\/yara-kono\/\">Yara Kono<\/a> (del equipo editorial de Planeta Tangerina), con colores fuertes y car\u00e1cter geom\u00e9trico, <em>na\u00eff<\/em> y juguet\u00f3n, constituyen un complemento perfecto de un texto que tambi\u00e9n juega con las palabras y desaf\u00eda la mente de los lectores.<\/p>\n<p style=\"padding-left: 30px\"><strong>\u00abConsidero un privilegio escribir relatos para ni\u00f1os: poder sintetizar en pocas p\u00e1ginas ideas que yo quiz\u00e1s he tardado a\u00f1os elucidar, adelgazar y darles una apariencia did\u00e1ctica infantil-juvenil. [&#8230;] Los caminos est\u00e1n vac\u00edos para poder ir y volver. Ir es flexionar, volver es reflexionar.\u00bb <\/strong>M. S.<\/p>\n<p>Y, si el primer texto est\u00e1 escrito desde la voz de un abuelo -Mario Satz afirma que comenz\u00f3 a escribir literatura infantil y juvenil cuando tuvo nietos y de hecho dedica este libro a su nieto m\u00e1s peque\u00f1o-, <a href=\"https:\/\/akiarabooks.com\/es\/libro\/el-meu-avi-pirata\/\"><em>Mi abuelo pirata<\/em><\/a> reproduce la voz de una nieta y los recuerdos que tiene del abuelo. Un abuelo que les contaba historias cada domingo, en un banco del parque al que llamaban \u00abLa isla de los tres piratas\u00bb, hasta que un d\u00eda lo llevan al hospital y nada vuelve a ser como antes. Un relato realista, escrito por Laia Massons e ilustrado por Zuzanna Celej a partir del collage, de un estilo intimista, simb\u00f3lico, escenogr\u00e1fico y lleno de detalles.<\/p>\n<p style=\"padding-left: 30px\"><strong>\u00abLa idea general nace a partir de un escenario teatral, el parque-isla pirata. Este escenario se va modificando, cambiando de tono, cambiando de fondo, adapt\u00e1ndose a los acontecimientos y a las emociones. Planteo muchos detalles sutiles pero significativos.\u00bb <\/strong>Z. C.<\/p>\n<p>Dos cuentos intergeneracionales, acompa\u00f1ados de una gu\u00eda de lectura que da pistas y ayuda a profundizar en el di\u00e1logo posterior. Porque nos gustan m\u00e1s las preguntas que las respuestas, las evocaciones que los determinismos.<\/p>\n<p>Muy pronto, en mayo, AKIARA lanzar\u00e1 una <a href=\"https:\/\/akiarabooks.com\/es\/categoria-produto\/akinarra-es\/\">colecci\u00f3n de narrativa<\/a> (9-12 a\u00f1os) y en oto\u00f1o se estrenar\u00e1 con la poes\u00eda y los discursos en unas colecciones para adolescentes. \u00a1Seguidnos de cerca (<a href=\"https:\/\/www.facebook.com\/akiarabooks\/\">Facebook<\/a>, <a href=\"https:\/\/twitter.com\/akiarabooks?lang=en\">Twitter<\/a>, <a href=\"https:\/\/www.instagram.com\/akiarabooks\/?hl=en\">Instagram<\/a> o subscribi\u00e9ndose a nuestro <a href=\"https:\/\/akiarabooks.com\/\">newsletter<\/a>) y os mantendremos al corriente!<\/p>\n<p><strong>In\u00eas Castel-Branco<\/strong><br \/>\n<a href=\"mailto:ines@akiarabooks.com\">ines@akiarabooks.com<\/a><br \/>\n93 217 20 31 \/ 657 410 785<\/p>\n","protected":false},"excerpt":{"rendered":"<p>A finales de marzo llegar\u00e1n a las librer\u00edas los dos nuevos \u00e1lbumes de AKIARA books, cargados de sabidur\u00eda y humanidad. Con un estilo&hellip;<\/p>\n","protected":false},"author":4,"featured_media":6226,"comment_status":"closed","ping_status":"closed","sticky":false,"template":"","format":"standard","meta":{"_acf_changed":false,"footnotes":""},"categories":[453],"tags":[451],"class_list":["post-6274","post","type-post","status-publish","format-standard","has-post-thumbnail","hentry","category-noticias-es","tag-actualidad"],"acf":[],"yoast_head":"<!-- This site is optimized with the Yoast SEO plugin v27.1.1 - https:\/\/yoast.com\/product\/yoast-seo-wordpress\/ -->\n<title>Dos \u00e1lbumes para emocionar - AKIARA books<\/title>\n<meta name=\"robots\" content=\"index, follow, max-snippet:-1, max-image-preview:large, max-video-preview:-1\" \/>\n<link rel=\"canonical\" href=\"https:\/\/akiarabooks.com\/es\/dos-albums-illustrats-per-emocionar-i-fer-pensar\/\" \/>\n<meta property=\"og:locale\" content=\"es_ES\" \/>\n<meta property=\"og:type\" content=\"article\" \/>\n<meta property=\"og:title\" content=\"Dos \u00e1lbumes para emocionar - AKIARA books\" \/>\n<meta property=\"og:description\" content=\"A finales de marzo llegar\u00e1n a las librer\u00edas los dos nuevos \u00e1lbumes de AKIARA books, cargados de sabidur\u00eda y humanidad. Con un estilo&hellip;\" \/>\n<meta property=\"og:url\" content=\"https:\/\/akiarabooks.com\/es\/dos-albums-illustrats-per-emocionar-i-fer-pensar\/\" \/>\n<meta property=\"og:site_name\" content=\"AKIARA books\" \/>\n<meta property=\"article:published_time\" content=\"2019-03-27T21:47:04+00:00\" \/>\n<meta property=\"article:modified_time\" content=\"2019-03-29T14:48:32+00:00\" \/>\n<meta property=\"og:image\" content=\"https:\/\/akiarabooks.com\/wp-content\/uploads\/2019\/03\/Dos-llibres-web-collage-l\u00ednies-blanques-1.jpg\" \/>\n\t<meta property=\"og:image:width\" content=\"1772\" \/>\n\t<meta property=\"og:image:height\" content=\"886\" \/>\n\t<meta property=\"og:image:type\" content=\"image\/jpeg\" \/>\n<meta name=\"author\" content=\"In\u00eas Castel-Branco\" \/>\n<meta name=\"twitter:card\" content=\"summary_large_image\" \/>\n<meta name=\"twitter:label1\" content=\"Written by\" \/>\n\t<meta name=\"twitter:data1\" content=\"In\u00eas Castel-Branco\" \/>\n\t<meta name=\"twitter:label2\" content=\"Est. reading time\" \/>\n\t<meta name=\"twitter:data2\" content=\"3 minutes\" \/>\n<script type=\"application\/ld+json\" class=\"yoast-schema-graph\">{\"@context\":\"https:\/\/schema.org\",\"@graph\":[{\"@type\":\"Article\",\"@id\":\"https:\/\/akiarabooks.com\/es\/dos-albums-illustrats-per-emocionar-i-fer-pensar\/#article\",\"isPartOf\":{\"@id\":\"https:\/\/akiarabooks.com\/es\/dos-albums-illustrats-per-emocionar-i-fer-pensar\/\"},\"author\":{\"name\":\"In\u00eas Castel-Branco\",\"@id\":\"https:\/\/akiarabooks.com\/es\/#\/schema\/person\/116b84437a7f3a790c1edce8edb02fe7\"},\"headline\":\"Dos \u00e1lbumes para emocionar\",\"datePublished\":\"2019-03-27T21:47:04+00:00\",\"dateModified\":\"2019-03-29T14:48:32+00:00\",\"mainEntityOfPage\":{\"@id\":\"https:\/\/akiarabooks.com\/es\/dos-albums-illustrats-per-emocionar-i-fer-pensar\/\"},\"wordCount\":511,\"publisher\":{\"@id\":\"https:\/\/akiarabooks.com\/es\/#organization\"},\"image\":{\"@id\":\"https:\/\/akiarabooks.com\/es\/dos-albums-illustrats-per-emocionar-i-fer-pensar\/#primaryimage\"},\"thumbnailUrl\":\"https:\/\/akiarabooks.com\/wp-content\/uploads\/2019\/03\/Dos-llibres-web-collage-l\u00ednies-blanques-1.jpg\",\"keywords\":[\"Actualidad\"],\"articleSection\":[\"Noticias\"],\"inLanguage\":\"es-ES\"},{\"@type\":\"WebPage\",\"@id\":\"https:\/\/akiarabooks.com\/es\/dos-albums-illustrats-per-emocionar-i-fer-pensar\/\",\"url\":\"https:\/\/akiarabooks.com\/es\/dos-albums-illustrats-per-emocionar-i-fer-pensar\/\",\"name\":\"Dos \u00e1lbumes para emocionar - AKIARA books\",\"isPartOf\":{\"@id\":\"https:\/\/akiarabooks.com\/es\/#website\"},\"primaryImageOfPage\":{\"@id\":\"https:\/\/akiarabooks.com\/es\/dos-albums-illustrats-per-emocionar-i-fer-pensar\/#primaryimage\"},\"image\":{\"@id\":\"https:\/\/akiarabooks.com\/es\/dos-albums-illustrats-per-emocionar-i-fer-pensar\/#primaryimage\"},\"thumbnailUrl\":\"https:\/\/akiarabooks.com\/wp-content\/uploads\/2019\/03\/Dos-llibres-web-collage-l\u00ednies-blanques-1.jpg\",\"datePublished\":\"2019-03-27T21:47:04+00:00\",\"dateModified\":\"2019-03-29T14:48:32+00:00\",\"breadcrumb\":{\"@id\":\"https:\/\/akiarabooks.com\/es\/dos-albums-illustrats-per-emocionar-i-fer-pensar\/#breadcrumb\"},\"inLanguage\":\"es-ES\",\"potentialAction\":[{\"@type\":\"ReadAction\",\"target\":[\"https:\/\/akiarabooks.com\/es\/dos-albums-illustrats-per-emocionar-i-fer-pensar\/\"]}]},{\"@type\":\"ImageObject\",\"inLanguage\":\"es-ES\",\"@id\":\"https:\/\/akiarabooks.com\/es\/dos-albums-illustrats-per-emocionar-i-fer-pensar\/#primaryimage\",\"url\":\"https:\/\/akiarabooks.com\/wp-content\/uploads\/2019\/03\/Dos-llibres-web-collage-l\u00ednies-blanques-1.jpg\",\"contentUrl\":\"https:\/\/akiarabooks.com\/wp-content\/uploads\/2019\/03\/Dos-llibres-web-collage-l\u00ednies-blanques-1.jpg\",\"width\":1772,\"height\":886},{\"@type\":\"BreadcrumbList\",\"@id\":\"https:\/\/akiarabooks.com\/es\/dos-albums-illustrats-per-emocionar-i-fer-pensar\/#breadcrumb\",\"itemListElement\":[{\"@type\":\"ListItem\",\"position\":1,\"name\":\"Inici\",\"item\":\"https:\/\/akiarabooks.com\/es\/\"},{\"@type\":\"ListItem\",\"position\":2,\"name\":\"Dos \u00e1lbumes para emocionar\"}]},{\"@type\":\"WebSite\",\"@id\":\"https:\/\/akiarabooks.com\/es\/#website\",\"url\":\"https:\/\/akiarabooks.com\/es\/\",\"name\":\"AKIARA books\",\"description\":\"Llibres inspiradors per a petits i grans\",\"publisher\":{\"@id\":\"https:\/\/akiarabooks.com\/es\/#organization\"},\"potentialAction\":[{\"@type\":\"SearchAction\",\"target\":{\"@type\":\"EntryPoint\",\"urlTemplate\":\"https:\/\/akiarabooks.com\/es\/?s={search_term_string}\"},\"query-input\":{\"@type\":\"PropertyValueSpecification\",\"valueRequired\":true,\"valueName\":\"search_term_string\"}}],\"inLanguage\":\"es-ES\"},{\"@type\":\"Organization\",\"@id\":\"https:\/\/akiarabooks.com\/es\/#organization\",\"name\":\"AKIARA books\",\"url\":\"https:\/\/akiarabooks.com\/es\/\",\"logo\":{\"@type\":\"ImageObject\",\"inLanguage\":\"es-ES\",\"@id\":\"https:\/\/akiarabooks.com\/es\/#\/schema\/logo\/image\/\",\"url\":\"https:\/\/akiarabooks.com\/wp-content\/uploads\/2018\/02\/cropped-akiara-black.png\",\"contentUrl\":\"https:\/\/akiarabooks.com\/wp-content\/uploads\/2018\/02\/cropped-akiara-black.png\",\"width\":520,\"height\":236,\"caption\":\"AKIARA books\"},\"image\":{\"@id\":\"https:\/\/akiarabooks.com\/es\/#\/schema\/logo\/image\/\"}},{\"@type\":\"Person\",\"@id\":\"https:\/\/akiarabooks.com\/es\/#\/schema\/person\/116b84437a7f3a790c1edce8edb02fe7\",\"name\":\"In\u00eas Castel-Branco\",\"image\":{\"@type\":\"ImageObject\",\"inLanguage\":\"es-ES\",\"@id\":\"https:\/\/akiarabooks.com\/es\/#\/schema\/person\/image\/\",\"url\":\"https:\/\/secure.gravatar.com\/avatar\/c5f62b605ba35ec552fa3bfbffa5b30693d1bd9a566e821bcc70b849f0484360?s=96&d=mm&r=g\",\"contentUrl\":\"https:\/\/secure.gravatar.com\/avatar\/c5f62b605ba35ec552fa3bfbffa5b30693d1bd9a566e821bcc70b849f0484360?s=96&d=mm&r=g\",\"caption\":\"In\u00eas Castel-Branco\"}}]}<\/script>\n<!-- \/ Yoast SEO plugin. -->","yoast_head_json":{"title":"Dos \u00e1lbumes para emocionar - AKIARA books","robots":{"index":"index","follow":"follow","max-snippet":"max-snippet:-1","max-image-preview":"max-image-preview:large","max-video-preview":"max-video-preview:-1"},"canonical":"https:\/\/akiarabooks.com\/es\/dos-albums-illustrats-per-emocionar-i-fer-pensar\/","og_locale":"es_ES","og_type":"article","og_title":"Dos \u00e1lbumes para emocionar - AKIARA books","og_description":"A finales de marzo llegar\u00e1n a las librer\u00edas los dos nuevos \u00e1lbumes de AKIARA books, cargados de sabidur\u00eda y humanidad. Con un estilo&hellip;","og_url":"https:\/\/akiarabooks.com\/es\/dos-albums-illustrats-per-emocionar-i-fer-pensar\/","og_site_name":"AKIARA books","article_published_time":"2019-03-27T21:47:04+00:00","article_modified_time":"2019-03-29T14:48:32+00:00","og_image":[{"width":1772,"height":886,"url":"https:\/\/akiarabooks.com\/wp-content\/uploads\/2019\/03\/Dos-llibres-web-collage-l\u00ednies-blanques-1.jpg","type":"image\/jpeg"}],"author":"In\u00eas Castel-Branco","twitter_card":"summary_large_image","twitter_misc":{"Written by":"In\u00eas Castel-Branco","Est. reading time":"3 minutes"},"schema":{"@context":"https:\/\/schema.org","@graph":[{"@type":"Article","@id":"https:\/\/akiarabooks.com\/es\/dos-albums-illustrats-per-emocionar-i-fer-pensar\/#article","isPartOf":{"@id":"https:\/\/akiarabooks.com\/es\/dos-albums-illustrats-per-emocionar-i-fer-pensar\/"},"author":{"name":"In\u00eas Castel-Branco","@id":"https:\/\/akiarabooks.com\/es\/#\/schema\/person\/116b84437a7f3a790c1edce8edb02fe7"},"headline":"Dos \u00e1lbumes para emocionar","datePublished":"2019-03-27T21:47:04+00:00","dateModified":"2019-03-29T14:48:32+00:00","mainEntityOfPage":{"@id":"https:\/\/akiarabooks.com\/es\/dos-albums-illustrats-per-emocionar-i-fer-pensar\/"},"wordCount":511,"publisher":{"@id":"https:\/\/akiarabooks.com\/es\/#organization"},"image":{"@id":"https:\/\/akiarabooks.com\/es\/dos-albums-illustrats-per-emocionar-i-fer-pensar\/#primaryimage"},"thumbnailUrl":"https:\/\/akiarabooks.com\/wp-content\/uploads\/2019\/03\/Dos-llibres-web-collage-l\u00ednies-blanques-1.jpg","keywords":["Actualidad"],"articleSection":["Noticias"],"inLanguage":"es-ES"},{"@type":"WebPage","@id":"https:\/\/akiarabooks.com\/es\/dos-albums-illustrats-per-emocionar-i-fer-pensar\/","url":"https:\/\/akiarabooks.com\/es\/dos-albums-illustrats-per-emocionar-i-fer-pensar\/","name":"Dos \u00e1lbumes para emocionar - AKIARA books","isPartOf":{"@id":"https:\/\/akiarabooks.com\/es\/#website"},"primaryImageOfPage":{"@id":"https:\/\/akiarabooks.com\/es\/dos-albums-illustrats-per-emocionar-i-fer-pensar\/#primaryimage"},"image":{"@id":"https:\/\/akiarabooks.com\/es\/dos-albums-illustrats-per-emocionar-i-fer-pensar\/#primaryimage"},"thumbnailUrl":"https:\/\/akiarabooks.com\/wp-content\/uploads\/2019\/03\/Dos-llibres-web-collage-l\u00ednies-blanques-1.jpg","datePublished":"2019-03-27T21:47:04+00:00","dateModified":"2019-03-29T14:48:32+00:00","breadcrumb":{"@id":"https:\/\/akiarabooks.com\/es\/dos-albums-illustrats-per-emocionar-i-fer-pensar\/#breadcrumb"},"inLanguage":"es-ES","potentialAction":[{"@type":"ReadAction","target":["https:\/\/akiarabooks.com\/es\/dos-albums-illustrats-per-emocionar-i-fer-pensar\/"]}]},{"@type":"ImageObject","inLanguage":"es-ES","@id":"https:\/\/akiarabooks.com\/es\/dos-albums-illustrats-per-emocionar-i-fer-pensar\/#primaryimage","url":"https:\/\/akiarabooks.com\/wp-content\/uploads\/2019\/03\/Dos-llibres-web-collage-l\u00ednies-blanques-1.jpg","contentUrl":"https:\/\/akiarabooks.com\/wp-content\/uploads\/2019\/03\/Dos-llibres-web-collage-l\u00ednies-blanques-1.jpg","width":1772,"height":886},{"@type":"BreadcrumbList","@id":"https:\/\/akiarabooks.com\/es\/dos-albums-illustrats-per-emocionar-i-fer-pensar\/#breadcrumb","itemListElement":[{"@type":"ListItem","position":1,"name":"Inici","item":"https:\/\/akiarabooks.com\/es\/"},{"@type":"ListItem","position":2,"name":"Dos \u00e1lbumes para emocionar"}]},{"@type":"WebSite","@id":"https:\/\/akiarabooks.com\/es\/#website","url":"https:\/\/akiarabooks.com\/es\/","name":"AKIARA books","description":"Llibres inspiradors per a petits i grans","publisher":{"@id":"https:\/\/akiarabooks.com\/es\/#organization"},"potentialAction":[{"@type":"SearchAction","target":{"@type":"EntryPoint","urlTemplate":"https:\/\/akiarabooks.com\/es\/?s={search_term_string}"},"query-input":{"@type":"PropertyValueSpecification","valueRequired":true,"valueName":"search_term_string"}}],"inLanguage":"es-ES"},{"@type":"Organization","@id":"https:\/\/akiarabooks.com\/es\/#organization","name":"AKIARA books","url":"https:\/\/akiarabooks.com\/es\/","logo":{"@type":"ImageObject","inLanguage":"es-ES","@id":"https:\/\/akiarabooks.com\/es\/#\/schema\/logo\/image\/","url":"https:\/\/akiarabooks.com\/wp-content\/uploads\/2018\/02\/cropped-akiara-black.png","contentUrl":"https:\/\/akiarabooks.com\/wp-content\/uploads\/2018\/02\/cropped-akiara-black.png","width":520,"height":236,"caption":"AKIARA books"},"image":{"@id":"https:\/\/akiarabooks.com\/es\/#\/schema\/logo\/image\/"}},{"@type":"Person","@id":"https:\/\/akiarabooks.com\/es\/#\/schema\/person\/116b84437a7f3a790c1edce8edb02fe7","name":"In\u00eas Castel-Branco","image":{"@type":"ImageObject","inLanguage":"es-ES","@id":"https:\/\/akiarabooks.com\/es\/#\/schema\/person\/image\/","url":"https:\/\/secure.gravatar.com\/avatar\/c5f62b605ba35ec552fa3bfbffa5b30693d1bd9a566e821bcc70b849f0484360?s=96&d=mm&r=g","contentUrl":"https:\/\/secure.gravatar.com\/avatar\/c5f62b605ba35ec552fa3bfbffa5b30693d1bd9a566e821bcc70b849f0484360?s=96&d=mm&r=g","caption":"In\u00eas Castel-Branco"}}]}},"jetpack_featured_media_url":"https:\/\/akiarabooks.com\/wp-content\/uploads\/2019\/03\/Dos-llibres-web-collage-l\u00ednies-blanques-1.jpg","_links":{"self":[{"href":"https:\/\/akiarabooks.com\/es\/wp-json\/wp\/v2\/posts\/6274","targetHints":{"allow":["GET"]}}],"collection":[{"href":"https:\/\/akiarabooks.com\/es\/wp-json\/wp\/v2\/posts"}],"about":[{"href":"https:\/\/akiarabooks.com\/es\/wp-json\/wp\/v2\/types\/post"}],"author":[{"embeddable":true,"href":"https:\/\/akiarabooks.com\/es\/wp-json\/wp\/v2\/users\/4"}],"replies":[{"embeddable":true,"href":"https:\/\/akiarabooks.com\/es\/wp-json\/wp\/v2\/comments?post=6274"}],"version-history":[{"count":4,"href":"https:\/\/akiarabooks.com\/es\/wp-json\/wp\/v2\/posts\/6274\/revisions"}],"predecessor-version":[{"id":6283,"href":"https:\/\/akiarabooks.com\/es\/wp-json\/wp\/v2\/posts\/6274\/revisions\/6283"}],"wp:featuredmedia":[{"embeddable":true,"href":"https:\/\/akiarabooks.com\/es\/wp-json\/wp\/v2\/media\/6226"}],"wp:attachment":[{"href":"https:\/\/akiarabooks.com\/es\/wp-json\/wp\/v2\/media?parent=6274"}],"wp:term":[{"taxonomy":"category","embeddable":true,"href":"https:\/\/akiarabooks.com\/es\/wp-json\/wp\/v2\/categories?post=6274"},{"taxonomy":"post_tag","embeddable":true,"href":"https:\/\/akiarabooks.com\/es\/wp-json\/wp\/v2\/tags?post=6274"}],"curies":[{"name":"wp","href":"https:\/\/api.w.org\/{rel}","templated":true}]}}