{"id":9939,"date":"2021-11-22T16:35:32","date_gmt":"2021-11-22T14:35:32","guid":{"rendered":"https:\/\/akiarabooks.com\/?p=9939"},"modified":"2021-11-22T16:49:57","modified_gmt":"2021-11-22T14:49:57","slug":"elena-val-gana-el-premio-junceda-de-ilustracion-2021","status":"publish","type":"post","link":"https:\/\/akiarabooks.com\/es\/elena-val-gana-el-premio-junceda-de-ilustracion-2021\/","title":{"rendered":"Elena Val gana el Premio Junceda de ilustraci\u00f3n 2021"},"content":{"rendered":"<p>El pasado martes 16 de noviembre, en La Lealtad Santsenca de Barcelona, tuvo lugar la gala de entrega de la <a href=\"https:\/\/www.premisjunceda.cat\/cerimonia-2021\/\">XIX edici\u00f3n de los Premios Junceda<\/a>. Este a\u00f1o hab\u00eda <a href=\"https:\/\/www.premisjunceda.cat\/guanyadors-i-guanyadores-2021\/\">15 categor\u00edas de ilustraci\u00f3n<\/a>. En la categor\u00eda de &#8220;<a href=\"https:\/\/www.premisjunceda.cat\/llibre-infantil-ficcio-2021\/\">Libro infantil ficci\u00f3n<\/a>&#8221; la ganadora fue <a href=\"https:\/\/akiarabooks.com\/es\/autor\/elena-val\/\">Elena Val<\/a> por las ilustraciones del libro <a href=\"https:\/\/akiarabooks.com\/es\/libro\/nubes-en-la-cabeza\/\">NUBES EN LA CABEZA<\/a>, publicado por AKIARA books.<\/p>\n<p>El <a href=\"https:\/\/www.premisjunceda.cat\/jurat\/\">jurado<\/a>, compuesto por Carme Sol\u00e9, Antoni Sell\u00e9s, Flavio Morais, Rebeca Luciani y Gen\u00eds Rigol, premi\u00f3 esta obra \u201cPor la fusi\u00f3n de dos realidades con una calidad de la ilustraci\u00f3n y la narrativa exquisitas\u201d.<\/p>\n<p>La enhorabuena a Elena\u00a0Val\u00a0y a todos los ilustradores galardonados!<\/p>\n","protected":false},"excerpt":{"rendered":"<p>El pasado martes 16 de noviembre, en La Lealtad Santsenca de Barcelona, tuvo lugar la gala de entrega de la XIX edici\u00f3n de&hellip;<\/p>\n","protected":false},"author":4,"featured_media":9935,"comment_status":"closed","ping_status":"closed","sticky":false,"template":"","format":"standard","meta":{"_acf_changed":false,"footnotes":""},"categories":[453],"tags":[451],"class_list":["post-9939","post","type-post","status-publish","format-standard","has-post-thumbnail","hentry","category-noticias-es","tag-actualidad"],"acf":[],"yoast_head":"<!-- This site is optimized with the Yoast SEO plugin v27.1.1 - https:\/\/yoast.com\/product\/yoast-seo-wordpress\/ -->\n<title>Elena Val gana el Premio Junceda de ilustraci\u00f3n 2021 - AKIARA books<\/title>\n<meta name=\"robots\" content=\"index, follow, max-snippet:-1, max-image-preview:large, max-video-preview:-1\" \/>\n<link rel=\"canonical\" href=\"https:\/\/akiarabooks.com\/es\/elena-val-gana-el-premio-junceda-de-ilustracion-2021\/\" \/>\n<meta property=\"og:locale\" content=\"es_ES\" \/>\n<meta property=\"og:type\" content=\"article\" \/>\n<meta property=\"og:title\" content=\"Elena Val gana el Premio Junceda de ilustraci\u00f3n 2021 - AKIARA books\" \/>\n<meta property=\"og:description\" content=\"El pasado martes 16 de noviembre, en La Lealtad Santsenca de Barcelona, tuvo lugar la gala de entrega de la XIX edici\u00f3n de&hellip;\" \/>\n<meta property=\"og:url\" content=\"https:\/\/akiarabooks.com\/es\/elena-val-gana-el-premio-junceda-de-ilustracion-2021\/\" \/>\n<meta property=\"og:site_name\" content=\"AKIARA books\" \/>\n<meta property=\"article:published_time\" content=\"2021-11-22T14:35:32+00:00\" \/>\n<meta property=\"article:modified_time\" content=\"2021-11-22T14:49:57+00:00\" \/>\n<meta property=\"og:image\" content=\"https:\/\/akiarabooks.com\/wp-content\/uploads\/2021\/11\/Premi-Junceda-2021-scaled.jpg\" \/>\n\t<meta property=\"og:image:width\" content=\"2560\" \/>\n\t<meta property=\"og:image:height\" content=\"1280\" \/>\n\t<meta property=\"og:image:type\" content=\"image\/jpeg\" \/>\n<meta name=\"author\" content=\"In\u00eas Castel-Branco\" \/>\n<meta name=\"twitter:card\" content=\"summary_large_image\" \/>\n<meta name=\"twitter:label1\" content=\"Written by\" \/>\n\t<meta name=\"twitter:data1\" content=\"In\u00eas Castel-Branco\" \/>\n\t<meta name=\"twitter:label2\" content=\"Est. reading time\" \/>\n\t<meta name=\"twitter:data2\" content=\"1 minute\" \/>\n<script type=\"application\/ld+json\" class=\"yoast-schema-graph\">{\"@context\":\"https:\/\/schema.org\",\"@graph\":[{\"@type\":\"Article\",\"@id\":\"https:\/\/akiarabooks.com\/es\/elena-val-gana-el-premio-junceda-de-ilustracion-2021\/#article\",\"isPartOf\":{\"@id\":\"https:\/\/akiarabooks.com\/es\/elena-val-gana-el-premio-junceda-de-ilustracion-2021\/\"},\"author\":{\"name\":\"In\u00eas Castel-Branco\",\"@id\":\"https:\/\/akiarabooks.com\/es\/#\/schema\/person\/116b84437a7f3a790c1edce8edb02fe7\"},\"headline\":\"Elena Val gana el Premio Junceda de ilustraci\u00f3n 2021\",\"datePublished\":\"2021-11-22T14:35:32+00:00\",\"dateModified\":\"2021-11-22T14:49:57+00:00\",\"mainEntityOfPage\":{\"@id\":\"https:\/\/akiarabooks.com\/es\/elena-val-gana-el-premio-junceda-de-ilustracion-2021\/\"},\"wordCount\":121,\"publisher\":{\"@id\":\"https:\/\/akiarabooks.com\/es\/#organization\"},\"image\":{\"@id\":\"https:\/\/akiarabooks.com\/es\/elena-val-gana-el-premio-junceda-de-ilustracion-2021\/#primaryimage\"},\"thumbnailUrl\":\"https:\/\/akiarabooks.com\/wp-content\/uploads\/2021\/11\/Premi-Junceda-2021-scaled.jpg\",\"keywords\":[\"Actualidad\"],\"articleSection\":[\"Noticias\"],\"inLanguage\":\"es-ES\"},{\"@type\":\"WebPage\",\"@id\":\"https:\/\/akiarabooks.com\/es\/elena-val-gana-el-premio-junceda-de-ilustracion-2021\/\",\"url\":\"https:\/\/akiarabooks.com\/es\/elena-val-gana-el-premio-junceda-de-ilustracion-2021\/\",\"name\":\"Elena Val gana el Premio Junceda de ilustraci\u00f3n 2021 - AKIARA books\",\"isPartOf\":{\"@id\":\"https:\/\/akiarabooks.com\/es\/#website\"},\"primaryImageOfPage\":{\"@id\":\"https:\/\/akiarabooks.com\/es\/elena-val-gana-el-premio-junceda-de-ilustracion-2021\/#primaryimage\"},\"image\":{\"@id\":\"https:\/\/akiarabooks.com\/es\/elena-val-gana-el-premio-junceda-de-ilustracion-2021\/#primaryimage\"},\"thumbnailUrl\":\"https:\/\/akiarabooks.com\/wp-content\/uploads\/2021\/11\/Premi-Junceda-2021-scaled.jpg\",\"datePublished\":\"2021-11-22T14:35:32+00:00\",\"dateModified\":\"2021-11-22T14:49:57+00:00\",\"breadcrumb\":{\"@id\":\"https:\/\/akiarabooks.com\/es\/elena-val-gana-el-premio-junceda-de-ilustracion-2021\/#breadcrumb\"},\"inLanguage\":\"es-ES\",\"potentialAction\":[{\"@type\":\"ReadAction\",\"target\":[\"https:\/\/akiarabooks.com\/es\/elena-val-gana-el-premio-junceda-de-ilustracion-2021\/\"]}]},{\"@type\":\"ImageObject\",\"inLanguage\":\"es-ES\",\"@id\":\"https:\/\/akiarabooks.com\/es\/elena-val-gana-el-premio-junceda-de-ilustracion-2021\/#primaryimage\",\"url\":\"https:\/\/akiarabooks.com\/wp-content\/uploads\/2021\/11\/Premi-Junceda-2021-scaled.jpg\",\"contentUrl\":\"https:\/\/akiarabooks.com\/wp-content\/uploads\/2021\/11\/Premi-Junceda-2021-scaled.jpg\",\"width\":2560,\"height\":1280},{\"@type\":\"BreadcrumbList\",\"@id\":\"https:\/\/akiarabooks.com\/es\/elena-val-gana-el-premio-junceda-de-ilustracion-2021\/#breadcrumb\",\"itemListElement\":[{\"@type\":\"ListItem\",\"position\":1,\"name\":\"Inici\",\"item\":\"https:\/\/akiarabooks.com\/es\/\"},{\"@type\":\"ListItem\",\"position\":2,\"name\":\"Elena Val gana el Premio Junceda de ilustraci\u00f3n 2021\"}]},{\"@type\":\"WebSite\",\"@id\":\"https:\/\/akiarabooks.com\/es\/#website\",\"url\":\"https:\/\/akiarabooks.com\/es\/\",\"name\":\"AKIARA books\",\"description\":\"Llibres inspiradors per a petits i grans\",\"publisher\":{\"@id\":\"https:\/\/akiarabooks.com\/es\/#organization\"},\"potentialAction\":[{\"@type\":\"SearchAction\",\"target\":{\"@type\":\"EntryPoint\",\"urlTemplate\":\"https:\/\/akiarabooks.com\/es\/?s={search_term_string}\"},\"query-input\":{\"@type\":\"PropertyValueSpecification\",\"valueRequired\":true,\"valueName\":\"search_term_string\"}}],\"inLanguage\":\"es-ES\"},{\"@type\":\"Organization\",\"@id\":\"https:\/\/akiarabooks.com\/es\/#organization\",\"name\":\"AKIARA books\",\"url\":\"https:\/\/akiarabooks.com\/es\/\",\"logo\":{\"@type\":\"ImageObject\",\"inLanguage\":\"es-ES\",\"@id\":\"https:\/\/akiarabooks.com\/es\/#\/schema\/logo\/image\/\",\"url\":\"https:\/\/akiarabooks.com\/wp-content\/uploads\/2018\/02\/cropped-akiara-black.png\",\"contentUrl\":\"https:\/\/akiarabooks.com\/wp-content\/uploads\/2018\/02\/cropped-akiara-black.png\",\"width\":520,\"height\":236,\"caption\":\"AKIARA books\"},\"image\":{\"@id\":\"https:\/\/akiarabooks.com\/es\/#\/schema\/logo\/image\/\"}},{\"@type\":\"Person\",\"@id\":\"https:\/\/akiarabooks.com\/es\/#\/schema\/person\/116b84437a7f3a790c1edce8edb02fe7\",\"name\":\"In\u00eas Castel-Branco\",\"image\":{\"@type\":\"ImageObject\",\"inLanguage\":\"es-ES\",\"@id\":\"https:\/\/akiarabooks.com\/es\/#\/schema\/person\/image\/\",\"url\":\"https:\/\/secure.gravatar.com\/avatar\/c5f62b605ba35ec552fa3bfbffa5b30693d1bd9a566e821bcc70b849f0484360?s=96&d=mm&r=g\",\"contentUrl\":\"https:\/\/secure.gravatar.com\/avatar\/c5f62b605ba35ec552fa3bfbffa5b30693d1bd9a566e821bcc70b849f0484360?s=96&d=mm&r=g\",\"caption\":\"In\u00eas Castel-Branco\"}}]}<\/script>\n<!-- \/ Yoast SEO plugin. -->","yoast_head_json":{"title":"Elena Val gana el Premio Junceda de ilustraci\u00f3n 2021 - AKIARA books","robots":{"index":"index","follow":"follow","max-snippet":"max-snippet:-1","max-image-preview":"max-image-preview:large","max-video-preview":"max-video-preview:-1"},"canonical":"https:\/\/akiarabooks.com\/es\/elena-val-gana-el-premio-junceda-de-ilustracion-2021\/","og_locale":"es_ES","og_type":"article","og_title":"Elena Val gana el Premio Junceda de ilustraci\u00f3n 2021 - AKIARA books","og_description":"El pasado martes 16 de noviembre, en La Lealtad Santsenca de Barcelona, tuvo lugar la gala de entrega de la XIX edici\u00f3n de&hellip;","og_url":"https:\/\/akiarabooks.com\/es\/elena-val-gana-el-premio-junceda-de-ilustracion-2021\/","og_site_name":"AKIARA books","article_published_time":"2021-11-22T14:35:32+00:00","article_modified_time":"2021-11-22T14:49:57+00:00","og_image":[{"width":2560,"height":1280,"url":"https:\/\/akiarabooks.com\/wp-content\/uploads\/2021\/11\/Premi-Junceda-2021-scaled.jpg","type":"image\/jpeg"}],"author":"In\u00eas Castel-Branco","twitter_card":"summary_large_image","twitter_misc":{"Written by":"In\u00eas Castel-Branco","Est. reading time":"1 minute"},"schema":{"@context":"https:\/\/schema.org","@graph":[{"@type":"Article","@id":"https:\/\/akiarabooks.com\/es\/elena-val-gana-el-premio-junceda-de-ilustracion-2021\/#article","isPartOf":{"@id":"https:\/\/akiarabooks.com\/es\/elena-val-gana-el-premio-junceda-de-ilustracion-2021\/"},"author":{"name":"In\u00eas Castel-Branco","@id":"https:\/\/akiarabooks.com\/es\/#\/schema\/person\/116b84437a7f3a790c1edce8edb02fe7"},"headline":"Elena Val gana el Premio Junceda de ilustraci\u00f3n 2021","datePublished":"2021-11-22T14:35:32+00:00","dateModified":"2021-11-22T14:49:57+00:00","mainEntityOfPage":{"@id":"https:\/\/akiarabooks.com\/es\/elena-val-gana-el-premio-junceda-de-ilustracion-2021\/"},"wordCount":121,"publisher":{"@id":"https:\/\/akiarabooks.com\/es\/#organization"},"image":{"@id":"https:\/\/akiarabooks.com\/es\/elena-val-gana-el-premio-junceda-de-ilustracion-2021\/#primaryimage"},"thumbnailUrl":"https:\/\/akiarabooks.com\/wp-content\/uploads\/2021\/11\/Premi-Junceda-2021-scaled.jpg","keywords":["Actualidad"],"articleSection":["Noticias"],"inLanguage":"es-ES"},{"@type":"WebPage","@id":"https:\/\/akiarabooks.com\/es\/elena-val-gana-el-premio-junceda-de-ilustracion-2021\/","url":"https:\/\/akiarabooks.com\/es\/elena-val-gana-el-premio-junceda-de-ilustracion-2021\/","name":"Elena Val gana el Premio Junceda de ilustraci\u00f3n 2021 - AKIARA books","isPartOf":{"@id":"https:\/\/akiarabooks.com\/es\/#website"},"primaryImageOfPage":{"@id":"https:\/\/akiarabooks.com\/es\/elena-val-gana-el-premio-junceda-de-ilustracion-2021\/#primaryimage"},"image":{"@id":"https:\/\/akiarabooks.com\/es\/elena-val-gana-el-premio-junceda-de-ilustracion-2021\/#primaryimage"},"thumbnailUrl":"https:\/\/akiarabooks.com\/wp-content\/uploads\/2021\/11\/Premi-Junceda-2021-scaled.jpg","datePublished":"2021-11-22T14:35:32+00:00","dateModified":"2021-11-22T14:49:57+00:00","breadcrumb":{"@id":"https:\/\/akiarabooks.com\/es\/elena-val-gana-el-premio-junceda-de-ilustracion-2021\/#breadcrumb"},"inLanguage":"es-ES","potentialAction":[{"@type":"ReadAction","target":["https:\/\/akiarabooks.com\/es\/elena-val-gana-el-premio-junceda-de-ilustracion-2021\/"]}]},{"@type":"ImageObject","inLanguage":"es-ES","@id":"https:\/\/akiarabooks.com\/es\/elena-val-gana-el-premio-junceda-de-ilustracion-2021\/#primaryimage","url":"https:\/\/akiarabooks.com\/wp-content\/uploads\/2021\/11\/Premi-Junceda-2021-scaled.jpg","contentUrl":"https:\/\/akiarabooks.com\/wp-content\/uploads\/2021\/11\/Premi-Junceda-2021-scaled.jpg","width":2560,"height":1280},{"@type":"BreadcrumbList","@id":"https:\/\/akiarabooks.com\/es\/elena-val-gana-el-premio-junceda-de-ilustracion-2021\/#breadcrumb","itemListElement":[{"@type":"ListItem","position":1,"name":"Inici","item":"https:\/\/akiarabooks.com\/es\/"},{"@type":"ListItem","position":2,"name":"Elena Val gana el Premio Junceda de ilustraci\u00f3n 2021"}]},{"@type":"WebSite","@id":"https:\/\/akiarabooks.com\/es\/#website","url":"https:\/\/akiarabooks.com\/es\/","name":"AKIARA books","description":"Llibres inspiradors per a petits i grans","publisher":{"@id":"https:\/\/akiarabooks.com\/es\/#organization"},"potentialAction":[{"@type":"SearchAction","target":{"@type":"EntryPoint","urlTemplate":"https:\/\/akiarabooks.com\/es\/?s={search_term_string}"},"query-input":{"@type":"PropertyValueSpecification","valueRequired":true,"valueName":"search_term_string"}}],"inLanguage":"es-ES"},{"@type":"Organization","@id":"https:\/\/akiarabooks.com\/es\/#organization","name":"AKIARA books","url":"https:\/\/akiarabooks.com\/es\/","logo":{"@type":"ImageObject","inLanguage":"es-ES","@id":"https:\/\/akiarabooks.com\/es\/#\/schema\/logo\/image\/","url":"https:\/\/akiarabooks.com\/wp-content\/uploads\/2018\/02\/cropped-akiara-black.png","contentUrl":"https:\/\/akiarabooks.com\/wp-content\/uploads\/2018\/02\/cropped-akiara-black.png","width":520,"height":236,"caption":"AKIARA books"},"image":{"@id":"https:\/\/akiarabooks.com\/es\/#\/schema\/logo\/image\/"}},{"@type":"Person","@id":"https:\/\/akiarabooks.com\/es\/#\/schema\/person\/116b84437a7f3a790c1edce8edb02fe7","name":"In\u00eas Castel-Branco","image":{"@type":"ImageObject","inLanguage":"es-ES","@id":"https:\/\/akiarabooks.com\/es\/#\/schema\/person\/image\/","url":"https:\/\/secure.gravatar.com\/avatar\/c5f62b605ba35ec552fa3bfbffa5b30693d1bd9a566e821bcc70b849f0484360?s=96&d=mm&r=g","contentUrl":"https:\/\/secure.gravatar.com\/avatar\/c5f62b605ba35ec552fa3bfbffa5b30693d1bd9a566e821bcc70b849f0484360?s=96&d=mm&r=g","caption":"In\u00eas Castel-Branco"}}]}},"jetpack_featured_media_url":"https:\/\/akiarabooks.com\/wp-content\/uploads\/2021\/11\/Premi-Junceda-2021-scaled.jpg","_links":{"self":[{"href":"https:\/\/akiarabooks.com\/es\/wp-json\/wp\/v2\/posts\/9939","targetHints":{"allow":["GET"]}}],"collection":[{"href":"https:\/\/akiarabooks.com\/es\/wp-json\/wp\/v2\/posts"}],"about":[{"href":"https:\/\/akiarabooks.com\/es\/wp-json\/wp\/v2\/types\/post"}],"author":[{"embeddable":true,"href":"https:\/\/akiarabooks.com\/es\/wp-json\/wp\/v2\/users\/4"}],"replies":[{"embeddable":true,"href":"https:\/\/akiarabooks.com\/es\/wp-json\/wp\/v2\/comments?post=9939"}],"version-history":[{"count":1,"href":"https:\/\/akiarabooks.com\/es\/wp-json\/wp\/v2\/posts\/9939\/revisions"}],"predecessor-version":[{"id":9941,"href":"https:\/\/akiarabooks.com\/es\/wp-json\/wp\/v2\/posts\/9939\/revisions\/9941"}],"wp:featuredmedia":[{"embeddable":true,"href":"https:\/\/akiarabooks.com\/es\/wp-json\/wp\/v2\/media\/9935"}],"wp:attachment":[{"href":"https:\/\/akiarabooks.com\/es\/wp-json\/wp\/v2\/media?parent=9939"}],"wp:term":[{"taxonomy":"category","embeddable":true,"href":"https:\/\/akiarabooks.com\/es\/wp-json\/wp\/v2\/categories?post=9939"},{"taxonomy":"post_tag","embeddable":true,"href":"https:\/\/akiarabooks.com\/es\/wp-json\/wp\/v2\/tags?post=9939"}],"curies":[{"name":"wp","href":"https:\/\/api.w.org\/{rel}","templated":true}]}}