{"id":12107,"date":"2023-06-18T11:42:26","date_gmt":"2023-06-18T09:42:26","guid":{"rendered":"https:\/\/akiarabooks.com\/?p=12107"},"modified":"2024-11-16T20:47:54","modified_gmt":"2024-11-16T18:47:54","slug":"chegou-o-segundo-livro-sem-palavras-da-akiara","status":"publish","type":"post","link":"https:\/\/akiarabooks.com\/pt\/chegou-o-segundo-livro-sem-palavras-da-akiara\/","title":{"rendered":"Chegou o segundo livro sem palavras da AKIARA"},"content":{"rendered":"<h5><strong>Depois do \u00eaxito de BRINCAMOS \u00c0S ESCONDIDAS, o primeiro \u00absilent book\u00bb da AKIARA, publicamos agora um segundo volume da mesma cole\u00e7\u00e3o, ilustrado pela mesma autora e com o mesmo grupo de amigos, mas desta vez tem a praia e uma paisagem costeira de sapais em pano de fundo.<\/strong><\/h5>\n<p>&nbsp;<\/p>\n<p><a href=\"https:\/\/akiarabooks.com\/pt\/livro\/vamos-a-praia\/\">VAMOS \u00c0 PRAIA<\/a>\u00a0 \u00e9 um livro de ver\u00e3o para a primeira inf\u00e2ncia, que chega \u00e0s livrarias a 6 de junho. Trata-se do segundo volume da cole\u00e7\u00e3o \u00ab<a href=\"https:\/\/akiarabooks.com\/pt\/categoria-producto\/akimira-es-pt\/\">AKIMIRA: jogos sem palavras<\/a>\u00bb.<\/p>\n<p>O primeiro livro, <a href=\"https:\/\/akiarabooks.com\/pt\/livro\/brincamos-as-escondidas\/\">BRINCAMOS \u00c0S ESCONDIDAS<\/a>, foi editado em abril de 2022. No in\u00edcio de 2023 foi selecionado para a <a href=\"https:\/\/www.ibbycat.cat\/nova-seleccio-per-al-projecte-silent-books-de-la-biblioteca-de-lampedusa-ibby-italia\/\">10.\u00aa edi\u00e7\u00e3o do projeto Silent Books da Biblioteca de Lampedusa<\/a> (It\u00e1lia), o projeto internacional da IBBY que re\u00fane os melhores livros ilustrados sem palavras de todo o mundo. A iniciativa, promovida pela biblioteca de Lampedusa, come\u00e7ou em 2012, em resposta \u00e0s vagas de refugiados provenientes de \u00c1frica e do M\u00e9dio Oriente que chegavam \u00e0 ilha italiana. Os livros sem palavras permitiram romper as fronteiras culturais e lingu\u00edsticas entre as crian\u00e7as locais e imigrantes.<\/p>\n<p><a href=\"https:\/\/akiarabooks.com\/pt\/livro\/vamos-a-praia\/\">VAMOS \u00c0 PRAIA<\/a>\u00a0 tem como protagonistas os 7 amigos que j\u00e1 aparecem no primeiro volume, agora num ambiente costeiro com sapais, um bosque com pinheiros, juncos e, finalmente, a areia da praia. Como \u00absilent book\u00bb, \u00e9 constru\u00eddo a partir de um gui\u00e3o muito detalhado, no qual t\u00eam lugar pequenas aventuras. H\u00e1 um menino que se perde e que, perto do final do livro, se reencontra com o resto do grupo. H\u00e1 alus\u00f5es ao primeiro livro e tamb\u00e9m ao imagin\u00e1rio dos anos 80 (como nos gelados que os protagonistas comem ao fim do dia, por exemplo). De novo, assistimos \u00e0 brincadeira livre em plena natureza, na presen\u00e7a de muitos animais e seus ecossistemas.<\/p>\n<p>O livro quer prestar tributo aos dias longos de <strong>ver\u00e3o<\/strong>, aos passeios de bicicleta e a todas as brincadeiras que os amigos podem viver na praia, sem pressas e sem interven\u00e7\u00e3o dos adultos. Por n\u00e3o ter palavras, pede uma participa\u00e7\u00e3o mais ativa por parte dos pequenos leitores (a partir dos 2 anos), uma vez que ser\u00e3o eles mesmos a contar a hist\u00f3ria (a sua hist\u00f3ria) e a descobrir as pistas escondidas.<\/p>\n<p><a href=\"https:\/\/akiarabooks.com\/pt\/autor\/veronica-fabregat\/\">Ver\u00f3nica Fabregat<\/a>, ilustradora e designer gr\u00e1fica de Castell\u00f3n de la Plana, volta a surpreender-nos com uma paleta muito natural, com ilustra\u00e7\u00f5es totalmente feitas a l\u00e1pis de cor.<\/p>\n<p>O livro respeita os crit\u00e9rios da <strong>ecoedi\u00e7\u00e3o<\/strong>: produ\u00e7\u00e3o local (Barcelona), papel de grande qualidade e certifica\u00e7\u00e3o ecol\u00f3gica, e encaderna\u00e7\u00e3o holandesa (lombada de tela e capas de cart\u00e3o prensado e serigrafado), para que todo o processo seja mais artesanal, reduza a pegada de carbono e contribua para um mundo mais justo e sustent\u00e1vel.<\/p>\n","protected":false},"excerpt":{"rendered":"<p>Depois do \u00eaxito de BRINCAMOS \u00c0S ESCONDIDAS, o primeiro \u00absilent book\u00bb da AKIARA, publicamos agora um segundo volume da mesma cole\u00e7\u00e3o, ilustrado pela&hellip;<\/p>\n","protected":false},"author":4,"featured_media":12285,"comment_status":"closed","ping_status":"closed","sticky":false,"template":"","format":"standard","meta":{"_acf_changed":false,"footnotes":""},"categories":[352],"tags":[348],"class_list":["post-12107","post","type-post","status-publish","format-standard","has-post-thumbnail","hentry","category-noticias","tag-atualidade-pt"],"acf":[],"yoast_head":"<!-- This site is optimized with the Yoast SEO plugin v27.1.1 - https:\/\/yoast.com\/product\/yoast-seo-wordpress\/ -->\n<title>Chegou o segundo livro sem palavras da AKIARA - AKIARA books<\/title>\n<meta name=\"robots\" content=\"index, follow, max-snippet:-1, max-image-preview:large, max-video-preview:-1\" \/>\n<link rel=\"canonical\" href=\"https:\/\/akiarabooks.com\/pt\/chegou-o-segundo-livro-sem-palavras-da-akiara\/\" \/>\n<meta property=\"og:locale\" content=\"pt_PT\" \/>\n<meta property=\"og:type\" content=\"article\" \/>\n<meta property=\"og:title\" content=\"Chegou o segundo livro sem palavras da AKIARA - AKIARA books\" \/>\n<meta property=\"og:description\" content=\"Depois do \u00eaxito de BRINCAMOS \u00c0S ESCONDIDAS, o primeiro \u00absilent book\u00bb da AKIARA, publicamos agora um segundo volume da mesma cole\u00e7\u00e3o, ilustrado pela&hellip;\" \/>\n<meta property=\"og:url\" content=\"https:\/\/akiarabooks.com\/pt\/chegou-o-segundo-livro-sem-palavras-da-akiara\/\" \/>\n<meta property=\"og:site_name\" content=\"AKIARA books\" \/>\n<meta property=\"article:published_time\" content=\"2023-06-18T09:42:26+00:00\" \/>\n<meta property=\"article:modified_time\" content=\"2024-11-16T18:47:54+00:00\" \/>\n<meta property=\"og:image\" content=\"https:\/\/akiarabooks.com\/wp-content\/uploads\/2023\/06\/PLATJA_PT-scaled.jpg\" \/>\n\t<meta property=\"og:image:width\" content=\"2560\" \/>\n\t<meta property=\"og:image:height\" content=\"1280\" \/>\n\t<meta property=\"og:image:type\" content=\"image\/jpeg\" \/>\n<meta name=\"author\" content=\"In\u00eas Castel-Branco\" \/>\n<meta name=\"twitter:card\" content=\"summary_large_image\" \/>\n<meta name=\"twitter:label1\" content=\"Written by\" \/>\n\t<meta name=\"twitter:data1\" content=\"In\u00eas Castel-Branco\" \/>\n\t<meta name=\"twitter:label2\" content=\"Est. reading time\" \/>\n\t<meta name=\"twitter:data2\" content=\"3 minutes\" \/>\n<script type=\"application\/ld+json\" class=\"yoast-schema-graph\">{\"@context\":\"https:\/\/schema.org\",\"@graph\":[{\"@type\":\"Article\",\"@id\":\"https:\/\/akiarabooks.com\/pt\/chegou-o-segundo-livro-sem-palavras-da-akiara\/#article\",\"isPartOf\":{\"@id\":\"https:\/\/akiarabooks.com\/pt\/chegou-o-segundo-livro-sem-palavras-da-akiara\/\"},\"author\":{\"name\":\"In\u00eas Castel-Branco\",\"@id\":\"https:\/\/akiarabooks.com\/pt\/#\/schema\/person\/116b84437a7f3a790c1edce8edb02fe7\"},\"headline\":\"Chegou o segundo livro sem palavras da AKIARA\",\"datePublished\":\"2023-06-18T09:42:26+00:00\",\"dateModified\":\"2024-11-16T18:47:54+00:00\",\"mainEntityOfPage\":{\"@id\":\"https:\/\/akiarabooks.com\/pt\/chegou-o-segundo-livro-sem-palavras-da-akiara\/\"},\"wordCount\":467,\"publisher\":{\"@id\":\"https:\/\/akiarabooks.com\/pt\/#organization\"},\"image\":{\"@id\":\"https:\/\/akiarabooks.com\/pt\/chegou-o-segundo-livro-sem-palavras-da-akiara\/#primaryimage\"},\"thumbnailUrl\":\"https:\/\/akiarabooks.com\/wp-content\/uploads\/2023\/06\/PLATJA_PT-scaled.jpg\",\"keywords\":[\"Atualidade\"],\"articleSection\":[\"Not\u00edcias\"],\"inLanguage\":\"pt\"},{\"@type\":\"WebPage\",\"@id\":\"https:\/\/akiarabooks.com\/pt\/chegou-o-segundo-livro-sem-palavras-da-akiara\/\",\"url\":\"https:\/\/akiarabooks.com\/pt\/chegou-o-segundo-livro-sem-palavras-da-akiara\/\",\"name\":\"Chegou o segundo livro sem palavras da AKIARA - AKIARA books\",\"isPartOf\":{\"@id\":\"https:\/\/akiarabooks.com\/pt\/#website\"},\"primaryImageOfPage\":{\"@id\":\"https:\/\/akiarabooks.com\/pt\/chegou-o-segundo-livro-sem-palavras-da-akiara\/#primaryimage\"},\"image\":{\"@id\":\"https:\/\/akiarabooks.com\/pt\/chegou-o-segundo-livro-sem-palavras-da-akiara\/#primaryimage\"},\"thumbnailUrl\":\"https:\/\/akiarabooks.com\/wp-content\/uploads\/2023\/06\/PLATJA_PT-scaled.jpg\",\"datePublished\":\"2023-06-18T09:42:26+00:00\",\"dateModified\":\"2024-11-16T18:47:54+00:00\",\"breadcrumb\":{\"@id\":\"https:\/\/akiarabooks.com\/pt\/chegou-o-segundo-livro-sem-palavras-da-akiara\/#breadcrumb\"},\"inLanguage\":\"pt\",\"potentialAction\":[{\"@type\":\"ReadAction\",\"target\":[\"https:\/\/akiarabooks.com\/pt\/chegou-o-segundo-livro-sem-palavras-da-akiara\/\"]}]},{\"@type\":\"ImageObject\",\"inLanguage\":\"pt\",\"@id\":\"https:\/\/akiarabooks.com\/pt\/chegou-o-segundo-livro-sem-palavras-da-akiara\/#primaryimage\",\"url\":\"https:\/\/akiarabooks.com\/wp-content\/uploads\/2023\/06\/PLATJA_PT-scaled.jpg\",\"contentUrl\":\"https:\/\/akiarabooks.com\/wp-content\/uploads\/2023\/06\/PLATJA_PT-scaled.jpg\",\"width\":\"2560\",\"height\":\"1280\"},{\"@type\":\"BreadcrumbList\",\"@id\":\"https:\/\/akiarabooks.com\/pt\/chegou-o-segundo-livro-sem-palavras-da-akiara\/#breadcrumb\",\"itemListElement\":[{\"@type\":\"ListItem\",\"position\":1,\"name\":\"Inici\",\"item\":\"https:\/\/akiarabooks.com\/pt\/\"},{\"@type\":\"ListItem\",\"position\":2,\"name\":\"Chegou o segundo livro sem palavras da AKIARA\"}]},{\"@type\":\"WebSite\",\"@id\":\"https:\/\/akiarabooks.com\/pt\/#website\",\"url\":\"https:\/\/akiarabooks.com\/pt\/\",\"name\":\"AKIARA books\",\"description\":\"Llibres inspiradors per a petits i grans\",\"publisher\":{\"@id\":\"https:\/\/akiarabooks.com\/pt\/#organization\"},\"potentialAction\":[{\"@type\":\"SearchAction\",\"target\":{\"@type\":\"EntryPoint\",\"urlTemplate\":\"https:\/\/akiarabooks.com\/pt\/?s={search_term_string}\"},\"query-input\":{\"@type\":\"PropertyValueSpecification\",\"valueRequired\":true,\"valueName\":\"search_term_string\"}}],\"inLanguage\":\"pt\"},{\"@type\":\"Organization\",\"@id\":\"https:\/\/akiarabooks.com\/pt\/#organization\",\"name\":\"AKIARA books\",\"url\":\"https:\/\/akiarabooks.com\/pt\/\",\"logo\":{\"@type\":\"ImageObject\",\"inLanguage\":\"pt\",\"@id\":\"https:\/\/akiarabooks.com\/pt\/#\/schema\/logo\/image\/\",\"url\":\"https:\/\/akiarabooks.com\/wp-content\/uploads\/2018\/02\/cropped-akiara-black.png\",\"contentUrl\":\"https:\/\/akiarabooks.com\/wp-content\/uploads\/2018\/02\/cropped-akiara-black.png\",\"width\":520,\"height\":236,\"caption\":\"AKIARA books\"},\"image\":{\"@id\":\"https:\/\/akiarabooks.com\/pt\/#\/schema\/logo\/image\/\"}},{\"@type\":\"Person\",\"@id\":\"https:\/\/akiarabooks.com\/pt\/#\/schema\/person\/116b84437a7f3a790c1edce8edb02fe7\",\"name\":\"In\u00eas Castel-Branco\",\"image\":{\"@type\":\"ImageObject\",\"inLanguage\":\"pt\",\"@id\":\"https:\/\/akiarabooks.com\/pt\/#\/schema\/person\/image\/\",\"url\":\"https:\/\/secure.gravatar.com\/avatar\/c5f62b605ba35ec552fa3bfbffa5b30693d1bd9a566e821bcc70b849f0484360?s=96&d=mm&r=g\",\"contentUrl\":\"https:\/\/secure.gravatar.com\/avatar\/c5f62b605ba35ec552fa3bfbffa5b30693d1bd9a566e821bcc70b849f0484360?s=96&d=mm&r=g\",\"caption\":\"In\u00eas Castel-Branco\"}}]}<\/script>\n<!-- \/ Yoast SEO plugin. -->","yoast_head_json":{"title":"Chegou o segundo livro sem palavras da AKIARA - AKIARA books","robots":{"index":"index","follow":"follow","max-snippet":"max-snippet:-1","max-image-preview":"max-image-preview:large","max-video-preview":"max-video-preview:-1"},"canonical":"https:\/\/akiarabooks.com\/pt\/chegou-o-segundo-livro-sem-palavras-da-akiara\/","og_locale":"pt_PT","og_type":"article","og_title":"Chegou o segundo livro sem palavras da AKIARA - AKIARA books","og_description":"Depois do \u00eaxito de BRINCAMOS \u00c0S ESCONDIDAS, o primeiro \u00absilent book\u00bb da AKIARA, publicamos agora um segundo volume da mesma cole\u00e7\u00e3o, ilustrado pela&hellip;","og_url":"https:\/\/akiarabooks.com\/pt\/chegou-o-segundo-livro-sem-palavras-da-akiara\/","og_site_name":"AKIARA books","article_published_time":"2023-06-18T09:42:26+00:00","article_modified_time":"2024-11-16T18:47:54+00:00","og_image":[{"width":2560,"height":1280,"url":"https:\/\/akiarabooks.com\/wp-content\/uploads\/2023\/06\/PLATJA_PT-scaled.jpg","type":"image\/jpeg"}],"author":"In\u00eas Castel-Branco","twitter_card":"summary_large_image","twitter_misc":{"Written by":"In\u00eas Castel-Branco","Est. reading time":"3 minutes"},"schema":{"@context":"https:\/\/schema.org","@graph":[{"@type":"Article","@id":"https:\/\/akiarabooks.com\/pt\/chegou-o-segundo-livro-sem-palavras-da-akiara\/#article","isPartOf":{"@id":"https:\/\/akiarabooks.com\/pt\/chegou-o-segundo-livro-sem-palavras-da-akiara\/"},"author":{"name":"In\u00eas Castel-Branco","@id":"https:\/\/akiarabooks.com\/pt\/#\/schema\/person\/116b84437a7f3a790c1edce8edb02fe7"},"headline":"Chegou o segundo livro sem palavras da AKIARA","datePublished":"2023-06-18T09:42:26+00:00","dateModified":"2024-11-16T18:47:54+00:00","mainEntityOfPage":{"@id":"https:\/\/akiarabooks.com\/pt\/chegou-o-segundo-livro-sem-palavras-da-akiara\/"},"wordCount":467,"publisher":{"@id":"https:\/\/akiarabooks.com\/pt\/#organization"},"image":{"@id":"https:\/\/akiarabooks.com\/pt\/chegou-o-segundo-livro-sem-palavras-da-akiara\/#primaryimage"},"thumbnailUrl":"https:\/\/akiarabooks.com\/wp-content\/uploads\/2023\/06\/PLATJA_PT-scaled.jpg","keywords":["Atualidade"],"articleSection":["Not\u00edcias"],"inLanguage":"pt"},{"@type":"WebPage","@id":"https:\/\/akiarabooks.com\/pt\/chegou-o-segundo-livro-sem-palavras-da-akiara\/","url":"https:\/\/akiarabooks.com\/pt\/chegou-o-segundo-livro-sem-palavras-da-akiara\/","name":"Chegou o segundo livro sem palavras da AKIARA - AKIARA books","isPartOf":{"@id":"https:\/\/akiarabooks.com\/pt\/#website"},"primaryImageOfPage":{"@id":"https:\/\/akiarabooks.com\/pt\/chegou-o-segundo-livro-sem-palavras-da-akiara\/#primaryimage"},"image":{"@id":"https:\/\/akiarabooks.com\/pt\/chegou-o-segundo-livro-sem-palavras-da-akiara\/#primaryimage"},"thumbnailUrl":"https:\/\/akiarabooks.com\/wp-content\/uploads\/2023\/06\/PLATJA_PT-scaled.jpg","datePublished":"2023-06-18T09:42:26+00:00","dateModified":"2024-11-16T18:47:54+00:00","breadcrumb":{"@id":"https:\/\/akiarabooks.com\/pt\/chegou-o-segundo-livro-sem-palavras-da-akiara\/#breadcrumb"},"inLanguage":"pt","potentialAction":[{"@type":"ReadAction","target":["https:\/\/akiarabooks.com\/pt\/chegou-o-segundo-livro-sem-palavras-da-akiara\/"]}]},{"@type":"ImageObject","inLanguage":"pt","@id":"https:\/\/akiarabooks.com\/pt\/chegou-o-segundo-livro-sem-palavras-da-akiara\/#primaryimage","url":"https:\/\/akiarabooks.com\/wp-content\/uploads\/2023\/06\/PLATJA_PT-scaled.jpg","contentUrl":"https:\/\/akiarabooks.com\/wp-content\/uploads\/2023\/06\/PLATJA_PT-scaled.jpg","width":"2560","height":"1280"},{"@type":"BreadcrumbList","@id":"https:\/\/akiarabooks.com\/pt\/chegou-o-segundo-livro-sem-palavras-da-akiara\/#breadcrumb","itemListElement":[{"@type":"ListItem","position":1,"name":"Inici","item":"https:\/\/akiarabooks.com\/pt\/"},{"@type":"ListItem","position":2,"name":"Chegou o segundo livro sem palavras da AKIARA"}]},{"@type":"WebSite","@id":"https:\/\/akiarabooks.com\/pt\/#website","url":"https:\/\/akiarabooks.com\/pt\/","name":"AKIARA books","description":"Llibres inspiradors per a petits i grans","publisher":{"@id":"https:\/\/akiarabooks.com\/pt\/#organization"},"potentialAction":[{"@type":"SearchAction","target":{"@type":"EntryPoint","urlTemplate":"https:\/\/akiarabooks.com\/pt\/?s={search_term_string}"},"query-input":{"@type":"PropertyValueSpecification","valueRequired":true,"valueName":"search_term_string"}}],"inLanguage":"pt"},{"@type":"Organization","@id":"https:\/\/akiarabooks.com\/pt\/#organization","name":"AKIARA books","url":"https:\/\/akiarabooks.com\/pt\/","logo":{"@type":"ImageObject","inLanguage":"pt","@id":"https:\/\/akiarabooks.com\/pt\/#\/schema\/logo\/image\/","url":"https:\/\/akiarabooks.com\/wp-content\/uploads\/2018\/02\/cropped-akiara-black.png","contentUrl":"https:\/\/akiarabooks.com\/wp-content\/uploads\/2018\/02\/cropped-akiara-black.png","width":520,"height":236,"caption":"AKIARA books"},"image":{"@id":"https:\/\/akiarabooks.com\/pt\/#\/schema\/logo\/image\/"}},{"@type":"Person","@id":"https:\/\/akiarabooks.com\/pt\/#\/schema\/person\/116b84437a7f3a790c1edce8edb02fe7","name":"In\u00eas Castel-Branco","image":{"@type":"ImageObject","inLanguage":"pt","@id":"https:\/\/akiarabooks.com\/pt\/#\/schema\/person\/image\/","url":"https:\/\/secure.gravatar.com\/avatar\/c5f62b605ba35ec552fa3bfbffa5b30693d1bd9a566e821bcc70b849f0484360?s=96&d=mm&r=g","contentUrl":"https:\/\/secure.gravatar.com\/avatar\/c5f62b605ba35ec552fa3bfbffa5b30693d1bd9a566e821bcc70b849f0484360?s=96&d=mm&r=g","caption":"In\u00eas Castel-Branco"}}]}},"jetpack_featured_media_url":"https:\/\/akiarabooks.com\/wp-content\/uploads\/2023\/06\/PLATJA_PT-scaled.jpg","_links":{"self":[{"href":"https:\/\/akiarabooks.com\/pt\/wp-json\/wp\/v2\/posts\/12107","targetHints":{"allow":["GET"]}}],"collection":[{"href":"https:\/\/akiarabooks.com\/pt\/wp-json\/wp\/v2\/posts"}],"about":[{"href":"https:\/\/akiarabooks.com\/pt\/wp-json\/wp\/v2\/types\/post"}],"author":[{"embeddable":true,"href":"https:\/\/akiarabooks.com\/pt\/wp-json\/wp\/v2\/users\/4"}],"replies":[{"embeddable":true,"href":"https:\/\/akiarabooks.com\/pt\/wp-json\/wp\/v2\/comments?post=12107"}],"version-history":[{"count":6,"href":"https:\/\/akiarabooks.com\/pt\/wp-json\/wp\/v2\/posts\/12107\/revisions"}],"predecessor-version":[{"id":12290,"href":"https:\/\/akiarabooks.com\/pt\/wp-json\/wp\/v2\/posts\/12107\/revisions\/12290"}],"wp:featuredmedia":[{"embeddable":true,"href":"https:\/\/akiarabooks.com\/pt\/wp-json\/wp\/v2\/media\/12285"}],"wp:attachment":[{"href":"https:\/\/akiarabooks.com\/pt\/wp-json\/wp\/v2\/media?parent=12107"}],"wp:term":[{"taxonomy":"category","embeddable":true,"href":"https:\/\/akiarabooks.com\/pt\/wp-json\/wp\/v2\/categories?post=12107"},{"taxonomy":"post_tag","embeddable":true,"href":"https:\/\/akiarabooks.com\/pt\/wp-json\/wp\/v2\/tags?post=12107"}],"curies":[{"name":"wp","href":"https:\/\/api.w.org\/{rel}","templated":true}]}}