{"id":4046,"date":"2018-04-05T10:30:06","date_gmt":"2018-04-05T08:30:06","guid":{"rendered":"https:\/\/akiarabooks.com\/akiara-books-pren-el-vol-aquesta-primavera-amb-quatre-novetats\/"},"modified":"2018-09-29T13:19:06","modified_gmt":"2018-09-29T11:19:06","slug":"akiara-books-pren-el-vol-aquesta-primavera-amb-quatre-novetats","status":"publish","type":"post","link":"https:\/\/akiarabooks.com\/pt\/akiara-books-pren-el-vol-aquesta-primavera-amb-quatre-novetats\/","title":{"rendered":"AKIARA books lan\u00e7a as suas primeiras quatro novidades nesta primavera"},"content":{"rendered":"<p><strong>Nascida no passado m\u00eas de fevereiro da m\u00e3o de In\u00eas Castel-Branco, na continua\u00e7\u00e3o da cole\u00e7\u00e3o <a href=\"http:\/\/www.fragmenta.cat\/pt\/pequena_fragmenta\/home\" target=\"_blank\" rel=\"noopener\">Pequena Fragmenta<\/a>, AKIARA books lan\u00e7a agora os quatro primeiros \u00e1lbuns ilustrados \u2014 simultaneamente em catal\u00e3o, espanhol e portugu\u00eas \u2014 com o mesmo formato e esp\u00edrito que caracterizava a cole\u00e7\u00e3o que a editora criou e dirigiu a Fragmenta.<\/strong><\/p>\n<p>No final de abril chegar\u00e3o \u00e0s livrarias <em>O despertar da \u00e1rvore<\/em>, escrito por D\u00eddac Lagarriga e ilustrado por Albert Asensio; <em>A gota de \u00e1gua<\/em>, adaptado e ilustrado por In\u00eas Castel-Branco a partir de um texto de Raimon Panikkar (agora que celebramos o Ano Raimon Panikkar, no centen\u00e1rio do seu nascimento); <em>A pena<\/em>, com texto de Mario Satz e ilustra\u00e7\u00f5es de Maria Beitia; e <em>Os dois lobos<\/em>. Uma lenda dos \u00edndios Cherokee, escrita e ilustrada por Wilfred (pseud\u00f3nimo de Guillermo Gil Schr\u00f6der).<\/p>\n<p>Com estes quatro primeiros t\u00edtulos, AKIARA define j\u00e1 os diferentes \u00e2mbitos que quer ir abordando: a ecologia e o profundo respeito para com a natureza e os seres vivos (<em>O<\/em> <em>despertar da \u00e1rvore);<\/em> a filosofia, a espiritualidade e a maneira como as grandes tradi\u00e7\u00f5es religiosas enfrentam temas delicados como a morte ou o sentido da vida (<em>A gota de \u00e1gua<\/em>); a psicologia e a resposta \u00e0s dificuldades ou desafios da vida (<em>A pena<\/em>); as emo\u00e7\u00f5es do dia a dia, o autoconhecimento e a interioridade (<em>Os dois lobos<\/em>).<\/p>\n<p><a href=\"https:\/\/akiarabooks.com\/pt\/editora\/\" target=\"_blank\" rel=\"noopener\">AKIARA<\/a> (que em catal\u00e3o soa como \u00abaqui e agora\u00bb) parte de textos atuais, mas tamb\u00e9m de contos tradicionais, lendas e mitos de diferentes culturas, com a inten\u00e7\u00e3o de dar a conhecer outras maneiras de pensar e ao mesmo tempo estimular a reflex\u00e3o, o debate e o conhecimento interior. O \u00abGuia de leitura\u00bb que h\u00e1 no final de cada \u00e1lbum (tal como acontecia j\u00e1 com a Pequena Fragmenta) n\u00e3o pretende dar respostas ou li\u00e7\u00f5es, mas<br \/>\ncontextualizar, suscitar perguntas, ajudar as fam\u00edlias e os educadores a irem ao fundo das quest\u00f5es.<\/p>\n<p>Com um generoso formato horizontal de 28 x 24 cm, capa dura com plastificado mate, papel offset de 150 gr e impress\u00e3o multicolor, os \u00e1lbuns da AKIARA procuram cuidar todos os aspetos tipogr\u00e1ficos e oferecer ilustra\u00e7\u00f5es da m\u00e1xima qualidade, recuperando o of\u00edcio artesanal. \u00abGostamos de dizer que fazemos <em>slow books<\/em> \u2014 afirma a editora In\u00eas Castel-Branco \u2014 : livros que concebemos em di\u00e1logo constante com autores e ilustradores; livros que promovem uma pol\u00edtica de proximidade e a #lijkm0; livros que tamb\u00e9m esperam ser lidos com calma e voltados a ler, se poss\u00edvel, na companhia de adultos que ajudem a aproveitar todo o sumo.\u00bb<\/p>\n<p>No futuro, a AKIARA pretende iniciar outras cole\u00e7\u00f5es para pr\u00e9 adolescentes e adolescentes, com textos mais extensos e a mesma vontade de esmero e rigor em todos os detalhes. Abordar\u00e1 temas da atualidade como a ecologia, o feminismo, a educa\u00e7\u00e3o ou os refugiados.<\/p>\n<p>Convidamos-vos a acompanhar-nos no <a href=\"https:\/\/www.facebook.com\/akiarabooks\/\" target=\"_blank\" rel=\"noopener\"><strong>Facebook<\/strong><\/a>, <a href=\"https:\/\/twitter.com\/akiarabooks\" target=\"_blank\" rel=\"noopener\"><strong>Twitter<\/strong> <\/a>e <strong><a href=\"https:\/\/www.instagram.com\/akiarabooks\/\" target=\"_blank\" rel=\"noopener\">Instagram<\/a>,<\/strong> e muito em breve tamb\u00e9m no novo site (<a href=\"https:\/\/akiarabooks.com\/pt\/\" target=\"_blank\" rel=\"noopener\">akiarabooks.com\/pt<\/a>), ainda em constru\u00e7\u00e3o. As vossas propostas, cr\u00edticas e resenhas ser\u00e3o muito bem vindas!<\/p>\n<p>&nbsp;<\/p>\n<p><strong>In\u00eas Castel-Branco<\/strong><br \/>\n<a href=\"mailto:ines@akiarabooks.com\">ines@akiarabooks.com<\/a><br \/>\n93 217 20 31 \/ 657 410 785<\/p>\n","protected":false},"excerpt":{"rendered":"<p>Nascida no passado m\u00eas de fevereiro da m\u00e3o de In\u00eas Castel-Branco, na continua\u00e7\u00e3o da cole\u00e7\u00e3o Pequena Fragmenta, AKIARA books lan\u00e7a agora os quatro&hellip;<\/p>\n","protected":false},"author":4,"featured_media":4047,"comment_status":"closed","ping_status":"closed","sticky":false,"template":"","format":"standard","meta":{"_acf_changed":false,"footnotes":""},"categories":[352],"tags":[351],"class_list":["post-4046","post","type-post","status-publish","format-standard","has-post-thumbnail","hentry","category-noticias","tag-post-destacados-na-pagina-principal"],"acf":[],"yoast_head":"<!-- This site is optimized with the Yoast SEO plugin v27.1.1 - https:\/\/yoast.com\/product\/yoast-seo-wordpress\/ -->\n<title>AKIARA books lan\u00e7a as suas primeiras quatro novidades nesta primavera - AKIARA books<\/title>\n<meta name=\"robots\" content=\"index, follow, max-snippet:-1, max-image-preview:large, max-video-preview:-1\" \/>\n<link rel=\"canonical\" href=\"https:\/\/akiarabooks.com\/pt\/akiara-books-pren-el-vol-aquesta-primavera-amb-quatre-novetats\/\" \/>\n<meta property=\"og:locale\" content=\"pt_PT\" \/>\n<meta property=\"og:type\" content=\"article\" \/>\n<meta property=\"og:title\" content=\"AKIARA books lan\u00e7a as suas primeiras quatro novidades nesta primavera - AKIARA books\" \/>\n<meta property=\"og:description\" content=\"Nascida no passado m\u00eas de fevereiro da m\u00e3o de In\u00eas Castel-Branco, na continua\u00e7\u00e3o da cole\u00e7\u00e3o Pequena Fragmenta, AKIARA books lan\u00e7a agora os quatro&hellip;\" \/>\n<meta property=\"og:url\" content=\"https:\/\/akiarabooks.com\/pt\/akiara-books-pren-el-vol-aquesta-primavera-amb-quatre-novetats\/\" \/>\n<meta property=\"og:site_name\" content=\"AKIARA books\" \/>\n<meta property=\"article:published_time\" content=\"2018-04-05T08:30:06+00:00\" \/>\n<meta property=\"article:modified_time\" content=\"2018-09-29T11:19:06+00:00\" \/>\n<meta property=\"og:image\" content=\"https:\/\/akiarabooks.com\/wp-content\/uploads\/2018\/07\/SORTEIG-primavera-2018-fusta-1800x900.jpg\" \/>\n\t<meta property=\"og:image:width\" content=\"1800\" \/>\n\t<meta property=\"og:image:height\" content=\"900\" \/>\n\t<meta property=\"og:image:type\" content=\"image\/jpeg\" \/>\n<meta name=\"author\" content=\"In\u00eas Castel-Branco\" \/>\n<meta name=\"twitter:card\" content=\"summary_large_image\" \/>\n<meta name=\"twitter:label1\" content=\"Written by\" \/>\n\t<meta name=\"twitter:data1\" content=\"In\u00eas Castel-Branco\" \/>\n\t<meta name=\"twitter:label2\" content=\"Est. reading time\" \/>\n\t<meta name=\"twitter:data2\" content=\"3 minutes\" \/>\n<script type=\"application\/ld+json\" class=\"yoast-schema-graph\">{\"@context\":\"https:\/\/schema.org\",\"@graph\":[{\"@type\":\"Article\",\"@id\":\"https:\/\/akiarabooks.com\/pt\/akiara-books-pren-el-vol-aquesta-primavera-amb-quatre-novetats\/#article\",\"isPartOf\":{\"@id\":\"https:\/\/akiarabooks.com\/pt\/akiara-books-pren-el-vol-aquesta-primavera-amb-quatre-novetats\/\"},\"author\":{\"name\":\"In\u00eas Castel-Branco\",\"@id\":\"https:\/\/akiarabooks.com\/pt\/#\/schema\/person\/116b84437a7f3a790c1edce8edb02fe7\"},\"headline\":\"AKIARA books lan\u00e7a as suas primeiras quatro novidades nesta primavera\",\"datePublished\":\"2018-04-05T08:30:06+00:00\",\"dateModified\":\"2018-09-29T11:19:06+00:00\",\"mainEntityOfPage\":{\"@id\":\"https:\/\/akiarabooks.com\/pt\/akiara-books-pren-el-vol-aquesta-primavera-amb-quatre-novetats\/\"},\"wordCount\":541,\"publisher\":{\"@id\":\"https:\/\/akiarabooks.com\/pt\/#organization\"},\"image\":{\"@id\":\"https:\/\/akiarabooks.com\/pt\/akiara-books-pren-el-vol-aquesta-primavera-amb-quatre-novetats\/#primaryimage\"},\"thumbnailUrl\":\"https:\/\/akiarabooks.com\/wp-content\/uploads\/2018\/07\/SORTEIG-primavera-2018-fusta.jpg\",\"keywords\":[\"Destacados\"],\"articleSection\":[\"Not\u00edcias\"],\"inLanguage\":\"pt\"},{\"@type\":\"WebPage\",\"@id\":\"https:\/\/akiarabooks.com\/pt\/akiara-books-pren-el-vol-aquesta-primavera-amb-quatre-novetats\/\",\"url\":\"https:\/\/akiarabooks.com\/pt\/akiara-books-pren-el-vol-aquesta-primavera-amb-quatre-novetats\/\",\"name\":\"AKIARA books lan\u00e7a as suas primeiras quatro novidades nesta primavera - AKIARA books\",\"isPartOf\":{\"@id\":\"https:\/\/akiarabooks.com\/pt\/#website\"},\"primaryImageOfPage\":{\"@id\":\"https:\/\/akiarabooks.com\/pt\/akiara-books-pren-el-vol-aquesta-primavera-amb-quatre-novetats\/#primaryimage\"},\"image\":{\"@id\":\"https:\/\/akiarabooks.com\/pt\/akiara-books-pren-el-vol-aquesta-primavera-amb-quatre-novetats\/#primaryimage\"},\"thumbnailUrl\":\"https:\/\/akiarabooks.com\/wp-content\/uploads\/2018\/07\/SORTEIG-primavera-2018-fusta.jpg\",\"datePublished\":\"2018-04-05T08:30:06+00:00\",\"dateModified\":\"2018-09-29T11:19:06+00:00\",\"breadcrumb\":{\"@id\":\"https:\/\/akiarabooks.com\/pt\/akiara-books-pren-el-vol-aquesta-primavera-amb-quatre-novetats\/#breadcrumb\"},\"inLanguage\":\"pt\",\"potentialAction\":[{\"@type\":\"ReadAction\",\"target\":[\"https:\/\/akiarabooks.com\/pt\/akiara-books-pren-el-vol-aquesta-primavera-amb-quatre-novetats\/\"]}]},{\"@type\":\"ImageObject\",\"inLanguage\":\"pt\",\"@id\":\"https:\/\/akiarabooks.com\/pt\/akiara-books-pren-el-vol-aquesta-primavera-amb-quatre-novetats\/#primaryimage\",\"url\":\"https:\/\/akiarabooks.com\/wp-content\/uploads\/2018\/07\/SORTEIG-primavera-2018-fusta.jpg\",\"contentUrl\":\"https:\/\/akiarabooks.com\/wp-content\/uploads\/2018\/07\/SORTEIG-primavera-2018-fusta.jpg\",\"width\":4252,\"height\":2126},{\"@type\":\"BreadcrumbList\",\"@id\":\"https:\/\/akiarabooks.com\/pt\/akiara-books-pren-el-vol-aquesta-primavera-amb-quatre-novetats\/#breadcrumb\",\"itemListElement\":[{\"@type\":\"ListItem\",\"position\":1,\"name\":\"Inici\",\"item\":\"https:\/\/akiarabooks.com\/pt\/\"},{\"@type\":\"ListItem\",\"position\":2,\"name\":\"AKIARA books lan\u00e7a as suas primeiras quatro novidades nesta primavera\"}]},{\"@type\":\"WebSite\",\"@id\":\"https:\/\/akiarabooks.com\/pt\/#website\",\"url\":\"https:\/\/akiarabooks.com\/pt\/\",\"name\":\"AKIARA books\",\"description\":\"Llibres inspiradors per a petits i grans\",\"publisher\":{\"@id\":\"https:\/\/akiarabooks.com\/pt\/#organization\"},\"potentialAction\":[{\"@type\":\"SearchAction\",\"target\":{\"@type\":\"EntryPoint\",\"urlTemplate\":\"https:\/\/akiarabooks.com\/pt\/?s={search_term_string}\"},\"query-input\":{\"@type\":\"PropertyValueSpecification\",\"valueRequired\":true,\"valueName\":\"search_term_string\"}}],\"inLanguage\":\"pt\"},{\"@type\":\"Organization\",\"@id\":\"https:\/\/akiarabooks.com\/pt\/#organization\",\"name\":\"AKIARA books\",\"url\":\"https:\/\/akiarabooks.com\/pt\/\",\"logo\":{\"@type\":\"ImageObject\",\"inLanguage\":\"pt\",\"@id\":\"https:\/\/akiarabooks.com\/pt\/#\/schema\/logo\/image\/\",\"url\":\"https:\/\/akiarabooks.com\/wp-content\/uploads\/2018\/02\/cropped-akiara-black.png\",\"contentUrl\":\"https:\/\/akiarabooks.com\/wp-content\/uploads\/2018\/02\/cropped-akiara-black.png\",\"width\":520,\"height\":236,\"caption\":\"AKIARA books\"},\"image\":{\"@id\":\"https:\/\/akiarabooks.com\/pt\/#\/schema\/logo\/image\/\"}},{\"@type\":\"Person\",\"@id\":\"https:\/\/akiarabooks.com\/pt\/#\/schema\/person\/116b84437a7f3a790c1edce8edb02fe7\",\"name\":\"In\u00eas Castel-Branco\",\"image\":{\"@type\":\"ImageObject\",\"inLanguage\":\"pt\",\"@id\":\"https:\/\/akiarabooks.com\/pt\/#\/schema\/person\/image\/\",\"url\":\"https:\/\/secure.gravatar.com\/avatar\/c5f62b605ba35ec552fa3bfbffa5b30693d1bd9a566e821bcc70b849f0484360?s=96&d=mm&r=g\",\"contentUrl\":\"https:\/\/secure.gravatar.com\/avatar\/c5f62b605ba35ec552fa3bfbffa5b30693d1bd9a566e821bcc70b849f0484360?s=96&d=mm&r=g\",\"caption\":\"In\u00eas Castel-Branco\"}}]}<\/script>\n<!-- \/ Yoast SEO plugin. -->","yoast_head_json":{"title":"AKIARA books lan\u00e7a as suas primeiras quatro novidades nesta primavera - AKIARA books","robots":{"index":"index","follow":"follow","max-snippet":"max-snippet:-1","max-image-preview":"max-image-preview:large","max-video-preview":"max-video-preview:-1"},"canonical":"https:\/\/akiarabooks.com\/pt\/akiara-books-pren-el-vol-aquesta-primavera-amb-quatre-novetats\/","og_locale":"pt_PT","og_type":"article","og_title":"AKIARA books lan\u00e7a as suas primeiras quatro novidades nesta primavera - AKIARA books","og_description":"Nascida no passado m\u00eas de fevereiro da m\u00e3o de In\u00eas Castel-Branco, na continua\u00e7\u00e3o da cole\u00e7\u00e3o Pequena Fragmenta, AKIARA books lan\u00e7a agora os quatro&hellip;","og_url":"https:\/\/akiarabooks.com\/pt\/akiara-books-pren-el-vol-aquesta-primavera-amb-quatre-novetats\/","og_site_name":"AKIARA books","article_published_time":"2018-04-05T08:30:06+00:00","article_modified_time":"2018-09-29T11:19:06+00:00","og_image":[{"width":1800,"height":900,"url":"https:\/\/akiarabooks.com\/wp-content\/uploads\/2018\/07\/SORTEIG-primavera-2018-fusta-1800x900.jpg","type":"image\/jpeg"}],"author":"In\u00eas Castel-Branco","twitter_card":"summary_large_image","twitter_misc":{"Written by":"In\u00eas Castel-Branco","Est. reading time":"3 minutes"},"schema":{"@context":"https:\/\/schema.org","@graph":[{"@type":"Article","@id":"https:\/\/akiarabooks.com\/pt\/akiara-books-pren-el-vol-aquesta-primavera-amb-quatre-novetats\/#article","isPartOf":{"@id":"https:\/\/akiarabooks.com\/pt\/akiara-books-pren-el-vol-aquesta-primavera-amb-quatre-novetats\/"},"author":{"name":"In\u00eas Castel-Branco","@id":"https:\/\/akiarabooks.com\/pt\/#\/schema\/person\/116b84437a7f3a790c1edce8edb02fe7"},"headline":"AKIARA books lan\u00e7a as suas primeiras quatro novidades nesta primavera","datePublished":"2018-04-05T08:30:06+00:00","dateModified":"2018-09-29T11:19:06+00:00","mainEntityOfPage":{"@id":"https:\/\/akiarabooks.com\/pt\/akiara-books-pren-el-vol-aquesta-primavera-amb-quatre-novetats\/"},"wordCount":541,"publisher":{"@id":"https:\/\/akiarabooks.com\/pt\/#organization"},"image":{"@id":"https:\/\/akiarabooks.com\/pt\/akiara-books-pren-el-vol-aquesta-primavera-amb-quatre-novetats\/#primaryimage"},"thumbnailUrl":"https:\/\/akiarabooks.com\/wp-content\/uploads\/2018\/07\/SORTEIG-primavera-2018-fusta.jpg","keywords":["Destacados"],"articleSection":["Not\u00edcias"],"inLanguage":"pt"},{"@type":"WebPage","@id":"https:\/\/akiarabooks.com\/pt\/akiara-books-pren-el-vol-aquesta-primavera-amb-quatre-novetats\/","url":"https:\/\/akiarabooks.com\/pt\/akiara-books-pren-el-vol-aquesta-primavera-amb-quatre-novetats\/","name":"AKIARA books lan\u00e7a as suas primeiras quatro novidades nesta primavera - AKIARA books","isPartOf":{"@id":"https:\/\/akiarabooks.com\/pt\/#website"},"primaryImageOfPage":{"@id":"https:\/\/akiarabooks.com\/pt\/akiara-books-pren-el-vol-aquesta-primavera-amb-quatre-novetats\/#primaryimage"},"image":{"@id":"https:\/\/akiarabooks.com\/pt\/akiara-books-pren-el-vol-aquesta-primavera-amb-quatre-novetats\/#primaryimage"},"thumbnailUrl":"https:\/\/akiarabooks.com\/wp-content\/uploads\/2018\/07\/SORTEIG-primavera-2018-fusta.jpg","datePublished":"2018-04-05T08:30:06+00:00","dateModified":"2018-09-29T11:19:06+00:00","breadcrumb":{"@id":"https:\/\/akiarabooks.com\/pt\/akiara-books-pren-el-vol-aquesta-primavera-amb-quatre-novetats\/#breadcrumb"},"inLanguage":"pt","potentialAction":[{"@type":"ReadAction","target":["https:\/\/akiarabooks.com\/pt\/akiara-books-pren-el-vol-aquesta-primavera-amb-quatre-novetats\/"]}]},{"@type":"ImageObject","inLanguage":"pt","@id":"https:\/\/akiarabooks.com\/pt\/akiara-books-pren-el-vol-aquesta-primavera-amb-quatre-novetats\/#primaryimage","url":"https:\/\/akiarabooks.com\/wp-content\/uploads\/2018\/07\/SORTEIG-primavera-2018-fusta.jpg","contentUrl":"https:\/\/akiarabooks.com\/wp-content\/uploads\/2018\/07\/SORTEIG-primavera-2018-fusta.jpg","width":4252,"height":2126},{"@type":"BreadcrumbList","@id":"https:\/\/akiarabooks.com\/pt\/akiara-books-pren-el-vol-aquesta-primavera-amb-quatre-novetats\/#breadcrumb","itemListElement":[{"@type":"ListItem","position":1,"name":"Inici","item":"https:\/\/akiarabooks.com\/pt\/"},{"@type":"ListItem","position":2,"name":"AKIARA books lan\u00e7a as suas primeiras quatro novidades nesta primavera"}]},{"@type":"WebSite","@id":"https:\/\/akiarabooks.com\/pt\/#website","url":"https:\/\/akiarabooks.com\/pt\/","name":"AKIARA books","description":"Llibres inspiradors per a petits i grans","publisher":{"@id":"https:\/\/akiarabooks.com\/pt\/#organization"},"potentialAction":[{"@type":"SearchAction","target":{"@type":"EntryPoint","urlTemplate":"https:\/\/akiarabooks.com\/pt\/?s={search_term_string}"},"query-input":{"@type":"PropertyValueSpecification","valueRequired":true,"valueName":"search_term_string"}}],"inLanguage":"pt"},{"@type":"Organization","@id":"https:\/\/akiarabooks.com\/pt\/#organization","name":"AKIARA books","url":"https:\/\/akiarabooks.com\/pt\/","logo":{"@type":"ImageObject","inLanguage":"pt","@id":"https:\/\/akiarabooks.com\/pt\/#\/schema\/logo\/image\/","url":"https:\/\/akiarabooks.com\/wp-content\/uploads\/2018\/02\/cropped-akiara-black.png","contentUrl":"https:\/\/akiarabooks.com\/wp-content\/uploads\/2018\/02\/cropped-akiara-black.png","width":520,"height":236,"caption":"AKIARA books"},"image":{"@id":"https:\/\/akiarabooks.com\/pt\/#\/schema\/logo\/image\/"}},{"@type":"Person","@id":"https:\/\/akiarabooks.com\/pt\/#\/schema\/person\/116b84437a7f3a790c1edce8edb02fe7","name":"In\u00eas Castel-Branco","image":{"@type":"ImageObject","inLanguage":"pt","@id":"https:\/\/akiarabooks.com\/pt\/#\/schema\/person\/image\/","url":"https:\/\/secure.gravatar.com\/avatar\/c5f62b605ba35ec552fa3bfbffa5b30693d1bd9a566e821bcc70b849f0484360?s=96&d=mm&r=g","contentUrl":"https:\/\/secure.gravatar.com\/avatar\/c5f62b605ba35ec552fa3bfbffa5b30693d1bd9a566e821bcc70b849f0484360?s=96&d=mm&r=g","caption":"In\u00eas Castel-Branco"}}]}},"jetpack_featured_media_url":"https:\/\/akiarabooks.com\/wp-content\/uploads\/2018\/07\/SORTEIG-primavera-2018-fusta.jpg","_links":{"self":[{"href":"https:\/\/akiarabooks.com\/pt\/wp-json\/wp\/v2\/posts\/4046","targetHints":{"allow":["GET"]}}],"collection":[{"href":"https:\/\/akiarabooks.com\/pt\/wp-json\/wp\/v2\/posts"}],"about":[{"href":"https:\/\/akiarabooks.com\/pt\/wp-json\/wp\/v2\/types\/post"}],"author":[{"embeddable":true,"href":"https:\/\/akiarabooks.com\/pt\/wp-json\/wp\/v2\/users\/4"}],"replies":[{"embeddable":true,"href":"https:\/\/akiarabooks.com\/pt\/wp-json\/wp\/v2\/comments?post=4046"}],"version-history":[{"count":3,"href":"https:\/\/akiarabooks.com\/pt\/wp-json\/wp\/v2\/posts\/4046\/revisions"}],"predecessor-version":[{"id":5133,"href":"https:\/\/akiarabooks.com\/pt\/wp-json\/wp\/v2\/posts\/4046\/revisions\/5133"}],"wp:featuredmedia":[{"embeddable":true,"href":"https:\/\/akiarabooks.com\/pt\/wp-json\/wp\/v2\/media\/4047"}],"wp:attachment":[{"href":"https:\/\/akiarabooks.com\/pt\/wp-json\/wp\/v2\/media?parent=4046"}],"wp:term":[{"taxonomy":"category","embeddable":true,"href":"https:\/\/akiarabooks.com\/pt\/wp-json\/wp\/v2\/categories?post=4046"},{"taxonomy":"post_tag","embeddable":true,"href":"https:\/\/akiarabooks.com\/pt\/wp-json\/wp\/v2\/tags?post=4046"}],"curies":[{"name":"wp","href":"https:\/\/api.w.org\/{rel}","templated":true}]}}