{"id":5548,"date":"2018-10-27T16:51:45","date_gmt":"2018-10-27T14:51:45","guid":{"rendered":"https:\/\/akiarabooks.com\/?p=5548"},"modified":"2018-10-29T13:46:22","modified_gmt":"2018-10-29T11:46:22","slug":"tres-albuns-pelo-outono","status":"publish","type":"post","link":"https:\/\/akiarabooks.com\/pt\/tres-albuns-pelo-outono\/","title":{"rendered":"Tr\u00eas \u00e1lbuns para o outono"},"content":{"rendered":"<p><strong>Nove meses depois da sua funda\u00e7\u00e3o como editora independente, para dar continuidade \u00e0 cole\u00e7\u00e3o <a href=\"http:\/\/www.fragmenta.cat\/pt\/pequena_fragmenta\/home\">Pequena Fragmenta<\/a> iniciada em 2015, a AKIARA books consolida agora a cole\u00e7\u00e3o <a href=\"https:\/\/akiarabooks.com\/pt\/categoria-producto\/akialbum-pt\/\">Akialbum<\/a> com novos t\u00edtulos, antes de iniciar as tr\u00eas cole\u00e7\u00f5es previstas para 2019.<\/strong><\/p>\n<p><strong>\u00a0<\/strong>Depois dos quatro \u00e1lbuns ilustrados com os quais estreou na primavera passada \u2014 <a href=\"https:\/\/akiarabooks.com\/pt\/livro\/o-despertar-da-arvore\/\"><em>O despertar da \u00e1rvore<\/em><\/a>, <a href=\"https:\/\/akiarabooks.com\/pt\/livro\/a-gota-de-agua\/\"><em>A gota de \u00e1gua<\/em><\/a>, <a href=\"https:\/\/akiarabooks.com\/pt\/livro\/a-pena\/\"><em>A pena<\/em><\/a> e <a href=\"https:\/\/akiarabooks.com\/pt\/livro\/os-dois-lobos\/\"><em>Os dois lobos<\/em><\/a> \u2014 e da reimpress\u00e3o do <a href=\"https:\/\/akiarabooks.com\/pt\/livro\/respira\/\"><em>Respira<\/em><\/a> \u2014 que est\u00e1 a caminho da segunda edi\u00e7\u00e3o em portugu\u00eas, da quinta em catal\u00e3o e da sexta em espanhol, e que se vendeu em sete pa\u00edses \u2014, a AKIARA publica agora tr\u00eas novos \u00e1lbuns que convidam a colocar perguntas e fazem pensar (n\u00e3o \u00e9 por acaso que dois deles levam um ponto de interroga\u00e7\u00e3o no t\u00edtulo). \u00ab\u00c9 que gostamos mais das perguntas do que das respostas\u00bb, diz a sua editora, In\u00eas Castel-Branco.<\/p>\n<p><a href=\"https:\/\/akiarabooks.com\/pt\/livro\/porque-choramos\/\"><strong><em>Porque choramos?<\/em><\/strong><\/a> foi escrito por <a href=\"https:\/\/akiarabooks.com\/pt\/autor\/fran-pintadera\/\"><strong>Fran Pintadera<\/strong><\/a> (Pr\u00e9mio Internacional Compostela de \u00c1lbum Ilustrado 2018) e ilustrado por <a href=\"https:\/\/akiarabooks.com\/pt\/autor\/ana-sender\/\"><strong>Ana Sender<\/strong><\/a>. Esta \u00e9 a pergunta que um menino faz \u00e0 sua m\u00e3e, e ela fala-lhe de nuvens, do mar, de pedras, de cofres e de muros. N\u00e3o pretende ser um \u00abmanual de emo\u00e7\u00f5es\u00bb, mas uma reflex\u00e3o po\u00e9tica \u00e0 volta das l\u00e1grimas e da necessidade universal de chorar, com umas ilustra\u00e7\u00f5es metaf\u00f3ricas e muito sugestivas.<\/p>\n<p><a href=\"https:\/\/akiarabooks.com\/pt\/livro\/de-onde-vem-as-ideias\/\"><strong><em>De onde v\u00eam as ideias?<\/em><\/strong><\/a> \u00e9 o segundo livro da dupla <a href=\"https:\/\/akiarabooks.com\/pt\/autor\/jordi-amenos\/\"><strong>Jordi Amen\u00f3s<\/strong><\/a> &#8211; <a href=\"https:\/\/akiarabooks.com\/pt\/autor\/albert-arrayas\/\"><strong>Albert Array\u00e1s<\/strong><\/a>, que em 2016 publicou <a href=\"https:\/\/akiarabooks.com\/pt\/livro\/onde-esta-a-lua\/\"><em>Onde est\u00e1 a lua?<\/em><\/a> na cole\u00e7\u00e3o Pequena Fragmenta. Com o mesmo grupo de amigos, agora a protagonista \u00e9 uma menina que, num momento de pouca inspira\u00e7\u00e3o, se questiona como nascem as ideias. O caminho que iniciam todos juntos vai ajud\u00e1-los a perceberem que a criatividade n\u00e3o se pode for\u00e7ar, nem chega com um pensamento quadriculado, mas quando estamos conectados e pomos amor em tudo o que fazemos.<\/p>\n<p><a href=\"https:\/\/akiarabooks.com\/pt\/livro\/parco\/\"><strong><em>Parco<\/em><\/strong><\/a> \u00e9 a terceira novidade deste outono. Escrita por <a href=\"https:\/\/akiarabooks.com\/pt\/autor\/alex-nogues\/\"><strong>Alex Nogu\u00e9s<\/strong><\/a> e ilustrada por <a href=\"https:\/\/akiarabooks.com\/pt\/autor\/guridi\/\"><strong>Guridi<\/strong><\/a>, \u00e9 uma hist\u00f3ria carregada de humor e de ternura sobre a morte, onde o protagonista converte um sentimento inicial de raiva em profunda aceita\u00e7\u00e3o. Ambientada no M\u00e9xico, parte da tradi\u00e7\u00e3o do Dia dos Mortos para falar da saudade e da falta que nos fazem aqueles que am\u00e1mos. Um livro diferente, atrevido, impactante, que emociona e diverte ao mesmo tempo, e que pode constituir um bom material para falar sobre a morte com os mais pequenos.<\/p>\n<p>Convidamos-vos a visitar o nosso <strong>website<\/strong> (<a href=\"http:\/\/www.akiarabooks.com\/pt\">www.akiarabooks.com\/pt<\/a>) e a seguir-nos nas redes sociais <a href=\"https:\/\/www.facebook.com\/akiarabooks\/\"><strong>Facebook<\/strong><\/a>, <a href=\"https:\/\/twitter.com\/akiarabooks\"><strong>Twitter<\/strong><\/a> e <a href=\"https:\/\/www.instagram.com\/akiarabooks\/\"><strong>Instagram<\/strong><\/a> (<a href=\"https:\/\/www.instagram.com\/akiarabooks\/\">@akiarabooks<\/a>), onde vamos partilhando o dia a dia da editora e as apresenta\u00e7\u00f5es dos livros. E fiquem muito atentos, porque h\u00e1 novos projetos em marcha para 2019, que de certeza que v\u00e3o adorar. Mas sobre isto falaremos noutra altura&#8230;<\/p>\n<p><strong>In\u00eas Castel-Branco<\/strong><br \/>\n<a href=\"mailto:ines@akiarabooks.com\">ines@akiarabooks.com<\/a><br \/>\n93 217 20 31 \/ 657 410 785<\/p>\n","protected":false},"excerpt":{"rendered":"<p>Nove meses depois da sua funda\u00e7\u00e3o como editora independente, para dar continuidade \u00e0 cole\u00e7\u00e3o Pequena Fragmenta iniciada em 2015, a AKIARA books consolida&hellip;<\/p>\n","protected":false},"author":4,"featured_media":5536,"comment_status":"closed","ping_status":"closed","sticky":false,"template":"","format":"standard","meta":{"_acf_changed":false,"footnotes":""},"categories":[352],"tags":[581,593,351,592,590,591],"class_list":["post-5548","post","type-post","status-publish","format-standard","has-post-thumbnail","hentry","category-noticias","tag-akiara","tag-albuns-ilustrados","tag-post-destacados-na-pagina-principal","tag-livros","tag-novidades","tag-outono"],"acf":[],"yoast_head":"<!-- This site is optimized with the Yoast SEO plugin v27.1.1 - https:\/\/yoast.com\/product\/yoast-seo-wordpress\/ -->\n<title>Tr\u00eas \u00e1lbuns para o outono - AKIARA books<\/title>\n<meta name=\"robots\" content=\"index, follow, max-snippet:-1, max-image-preview:large, max-video-preview:-1\" \/>\n<link rel=\"canonical\" href=\"https:\/\/akiarabooks.com\/pt\/tres-albuns-pelo-outono\/\" \/>\n<meta property=\"og:locale\" content=\"pt_PT\" \/>\n<meta property=\"og:type\" content=\"article\" \/>\n<meta property=\"og:title\" content=\"Tr\u00eas \u00e1lbuns para o outono - AKIARA books\" \/>\n<meta property=\"og:description\" content=\"Nove meses depois da sua funda\u00e7\u00e3o como editora independente, para dar continuidade \u00e0 cole\u00e7\u00e3o Pequena Fragmenta iniciada em 2015, a AKIARA books consolida&hellip;\" \/>\n<meta property=\"og:url\" content=\"https:\/\/akiarabooks.com\/pt\/tres-albuns-pelo-outono\/\" \/>\n<meta property=\"og:site_name\" content=\"AKIARA books\" \/>\n<meta property=\"article:published_time\" content=\"2018-10-27T14:51:45+00:00\" \/>\n<meta property=\"article:modified_time\" content=\"2018-10-29T11:46:22+00:00\" \/>\n<meta property=\"og:image\" content=\"https:\/\/akiarabooks.com\/wp-content\/uploads\/2018\/10\/3-novetats-Tardor-1800x900.jpg\" \/>\n\t<meta property=\"og:image:width\" content=\"1800\" \/>\n\t<meta property=\"og:image:height\" content=\"900\" \/>\n\t<meta property=\"og:image:type\" content=\"image\/jpeg\" \/>\n<meta name=\"author\" content=\"In\u00eas Castel-Branco\" \/>\n<meta name=\"twitter:card\" content=\"summary_large_image\" \/>\n<meta name=\"twitter:label1\" content=\"Written by\" \/>\n\t<meta name=\"twitter:data1\" content=\"In\u00eas Castel-Branco\" \/>\n\t<meta name=\"twitter:label2\" content=\"Est. reading time\" \/>\n\t<meta name=\"twitter:data2\" content=\"2 minutes\" \/>\n<script type=\"application\/ld+json\" class=\"yoast-schema-graph\">{\"@context\":\"https:\/\/schema.org\",\"@graph\":[{\"@type\":\"Article\",\"@id\":\"https:\/\/akiarabooks.com\/pt\/tres-albuns-pelo-outono\/#article\",\"isPartOf\":{\"@id\":\"https:\/\/akiarabooks.com\/pt\/tres-albuns-pelo-outono\/\"},\"author\":{\"name\":\"In\u00eas Castel-Branco\",\"@id\":\"https:\/\/akiarabooks.com\/pt\/#\/schema\/person\/116b84437a7f3a790c1edce8edb02fe7\"},\"headline\":\"Tr\u00eas \u00e1lbuns para o outono\",\"datePublished\":\"2018-10-27T14:51:45+00:00\",\"dateModified\":\"2018-10-29T11:46:22+00:00\",\"mainEntityOfPage\":{\"@id\":\"https:\/\/akiarabooks.com\/pt\/tres-albuns-pelo-outono\/\"},\"wordCount\":486,\"publisher\":{\"@id\":\"https:\/\/akiarabooks.com\/pt\/#organization\"},\"image\":{\"@id\":\"https:\/\/akiarabooks.com\/pt\/tres-albuns-pelo-outono\/#primaryimage\"},\"thumbnailUrl\":\"https:\/\/akiarabooks.com\/wp-content\/uploads\/2018\/10\/3-novetats-Tardor.jpg\",\"keywords\":[\"AKIARA\",\"\u00e1lbuns ilustrados\",\"Destacados\",\"livros\",\"novidades\",\"outono\"],\"articleSection\":[\"Not\u00edcias\"],\"inLanguage\":\"pt\"},{\"@type\":\"WebPage\",\"@id\":\"https:\/\/akiarabooks.com\/pt\/tres-albuns-pelo-outono\/\",\"url\":\"https:\/\/akiarabooks.com\/pt\/tres-albuns-pelo-outono\/\",\"name\":\"Tr\u00eas \u00e1lbuns para o outono - AKIARA books\",\"isPartOf\":{\"@id\":\"https:\/\/akiarabooks.com\/pt\/#website\"},\"primaryImageOfPage\":{\"@id\":\"https:\/\/akiarabooks.com\/pt\/tres-albuns-pelo-outono\/#primaryimage\"},\"image\":{\"@id\":\"https:\/\/akiarabooks.com\/pt\/tres-albuns-pelo-outono\/#primaryimage\"},\"thumbnailUrl\":\"https:\/\/akiarabooks.com\/wp-content\/uploads\/2018\/10\/3-novetats-Tardor.jpg\",\"datePublished\":\"2018-10-27T14:51:45+00:00\",\"dateModified\":\"2018-10-29T11:46:22+00:00\",\"breadcrumb\":{\"@id\":\"https:\/\/akiarabooks.com\/pt\/tres-albuns-pelo-outono\/#breadcrumb\"},\"inLanguage\":\"pt\",\"potentialAction\":[{\"@type\":\"ReadAction\",\"target\":[\"https:\/\/akiarabooks.com\/pt\/tres-albuns-pelo-outono\/\"]}]},{\"@type\":\"ImageObject\",\"inLanguage\":\"pt\",\"@id\":\"https:\/\/akiarabooks.com\/pt\/tres-albuns-pelo-outono\/#primaryimage\",\"url\":\"https:\/\/akiarabooks.com\/wp-content\/uploads\/2018\/10\/3-novetats-Tardor.jpg\",\"contentUrl\":\"https:\/\/akiarabooks.com\/wp-content\/uploads\/2018\/10\/3-novetats-Tardor.jpg\",\"width\":4252,\"height\":2126},{\"@type\":\"BreadcrumbList\",\"@id\":\"https:\/\/akiarabooks.com\/pt\/tres-albuns-pelo-outono\/#breadcrumb\",\"itemListElement\":[{\"@type\":\"ListItem\",\"position\":1,\"name\":\"Inici\",\"item\":\"https:\/\/akiarabooks.com\/pt\/\"},{\"@type\":\"ListItem\",\"position\":2,\"name\":\"Tr\u00eas \u00e1lbuns para o outono\"}]},{\"@type\":\"WebSite\",\"@id\":\"https:\/\/akiarabooks.com\/pt\/#website\",\"url\":\"https:\/\/akiarabooks.com\/pt\/\",\"name\":\"AKIARA books\",\"description\":\"Llibres inspiradors per a petits i grans\",\"publisher\":{\"@id\":\"https:\/\/akiarabooks.com\/pt\/#organization\"},\"potentialAction\":[{\"@type\":\"SearchAction\",\"target\":{\"@type\":\"EntryPoint\",\"urlTemplate\":\"https:\/\/akiarabooks.com\/pt\/?s={search_term_string}\"},\"query-input\":{\"@type\":\"PropertyValueSpecification\",\"valueRequired\":true,\"valueName\":\"search_term_string\"}}],\"inLanguage\":\"pt\"},{\"@type\":\"Organization\",\"@id\":\"https:\/\/akiarabooks.com\/pt\/#organization\",\"name\":\"AKIARA books\",\"url\":\"https:\/\/akiarabooks.com\/pt\/\",\"logo\":{\"@type\":\"ImageObject\",\"inLanguage\":\"pt\",\"@id\":\"https:\/\/akiarabooks.com\/pt\/#\/schema\/logo\/image\/\",\"url\":\"https:\/\/akiarabooks.com\/wp-content\/uploads\/2018\/02\/cropped-akiara-black.png\",\"contentUrl\":\"https:\/\/akiarabooks.com\/wp-content\/uploads\/2018\/02\/cropped-akiara-black.png\",\"width\":520,\"height\":236,\"caption\":\"AKIARA books\"},\"image\":{\"@id\":\"https:\/\/akiarabooks.com\/pt\/#\/schema\/logo\/image\/\"}},{\"@type\":\"Person\",\"@id\":\"https:\/\/akiarabooks.com\/pt\/#\/schema\/person\/116b84437a7f3a790c1edce8edb02fe7\",\"name\":\"In\u00eas Castel-Branco\",\"image\":{\"@type\":\"ImageObject\",\"inLanguage\":\"pt\",\"@id\":\"https:\/\/akiarabooks.com\/pt\/#\/schema\/person\/image\/\",\"url\":\"https:\/\/secure.gravatar.com\/avatar\/c5f62b605ba35ec552fa3bfbffa5b30693d1bd9a566e821bcc70b849f0484360?s=96&d=mm&r=g\",\"contentUrl\":\"https:\/\/secure.gravatar.com\/avatar\/c5f62b605ba35ec552fa3bfbffa5b30693d1bd9a566e821bcc70b849f0484360?s=96&d=mm&r=g\",\"caption\":\"In\u00eas Castel-Branco\"}}]}<\/script>\n<!-- \/ Yoast SEO plugin. -->","yoast_head_json":{"title":"Tr\u00eas \u00e1lbuns para o outono - AKIARA books","robots":{"index":"index","follow":"follow","max-snippet":"max-snippet:-1","max-image-preview":"max-image-preview:large","max-video-preview":"max-video-preview:-1"},"canonical":"https:\/\/akiarabooks.com\/pt\/tres-albuns-pelo-outono\/","og_locale":"pt_PT","og_type":"article","og_title":"Tr\u00eas \u00e1lbuns para o outono - AKIARA books","og_description":"Nove meses depois da sua funda\u00e7\u00e3o como editora independente, para dar continuidade \u00e0 cole\u00e7\u00e3o Pequena Fragmenta iniciada em 2015, a AKIARA books consolida&hellip;","og_url":"https:\/\/akiarabooks.com\/pt\/tres-albuns-pelo-outono\/","og_site_name":"AKIARA books","article_published_time":"2018-10-27T14:51:45+00:00","article_modified_time":"2018-10-29T11:46:22+00:00","og_image":[{"width":1800,"height":900,"url":"https:\/\/akiarabooks.com\/wp-content\/uploads\/2018\/10\/3-novetats-Tardor-1800x900.jpg","type":"image\/jpeg"}],"author":"In\u00eas Castel-Branco","twitter_card":"summary_large_image","twitter_misc":{"Written by":"In\u00eas Castel-Branco","Est. reading time":"2 minutes"},"schema":{"@context":"https:\/\/schema.org","@graph":[{"@type":"Article","@id":"https:\/\/akiarabooks.com\/pt\/tres-albuns-pelo-outono\/#article","isPartOf":{"@id":"https:\/\/akiarabooks.com\/pt\/tres-albuns-pelo-outono\/"},"author":{"name":"In\u00eas Castel-Branco","@id":"https:\/\/akiarabooks.com\/pt\/#\/schema\/person\/116b84437a7f3a790c1edce8edb02fe7"},"headline":"Tr\u00eas \u00e1lbuns para o outono","datePublished":"2018-10-27T14:51:45+00:00","dateModified":"2018-10-29T11:46:22+00:00","mainEntityOfPage":{"@id":"https:\/\/akiarabooks.com\/pt\/tres-albuns-pelo-outono\/"},"wordCount":486,"publisher":{"@id":"https:\/\/akiarabooks.com\/pt\/#organization"},"image":{"@id":"https:\/\/akiarabooks.com\/pt\/tres-albuns-pelo-outono\/#primaryimage"},"thumbnailUrl":"https:\/\/akiarabooks.com\/wp-content\/uploads\/2018\/10\/3-novetats-Tardor.jpg","keywords":["AKIARA","\u00e1lbuns ilustrados","Destacados","livros","novidades","outono"],"articleSection":["Not\u00edcias"],"inLanguage":"pt"},{"@type":"WebPage","@id":"https:\/\/akiarabooks.com\/pt\/tres-albuns-pelo-outono\/","url":"https:\/\/akiarabooks.com\/pt\/tres-albuns-pelo-outono\/","name":"Tr\u00eas \u00e1lbuns para o outono - AKIARA books","isPartOf":{"@id":"https:\/\/akiarabooks.com\/pt\/#website"},"primaryImageOfPage":{"@id":"https:\/\/akiarabooks.com\/pt\/tres-albuns-pelo-outono\/#primaryimage"},"image":{"@id":"https:\/\/akiarabooks.com\/pt\/tres-albuns-pelo-outono\/#primaryimage"},"thumbnailUrl":"https:\/\/akiarabooks.com\/wp-content\/uploads\/2018\/10\/3-novetats-Tardor.jpg","datePublished":"2018-10-27T14:51:45+00:00","dateModified":"2018-10-29T11:46:22+00:00","breadcrumb":{"@id":"https:\/\/akiarabooks.com\/pt\/tres-albuns-pelo-outono\/#breadcrumb"},"inLanguage":"pt","potentialAction":[{"@type":"ReadAction","target":["https:\/\/akiarabooks.com\/pt\/tres-albuns-pelo-outono\/"]}]},{"@type":"ImageObject","inLanguage":"pt","@id":"https:\/\/akiarabooks.com\/pt\/tres-albuns-pelo-outono\/#primaryimage","url":"https:\/\/akiarabooks.com\/wp-content\/uploads\/2018\/10\/3-novetats-Tardor.jpg","contentUrl":"https:\/\/akiarabooks.com\/wp-content\/uploads\/2018\/10\/3-novetats-Tardor.jpg","width":4252,"height":2126},{"@type":"BreadcrumbList","@id":"https:\/\/akiarabooks.com\/pt\/tres-albuns-pelo-outono\/#breadcrumb","itemListElement":[{"@type":"ListItem","position":1,"name":"Inici","item":"https:\/\/akiarabooks.com\/pt\/"},{"@type":"ListItem","position":2,"name":"Tr\u00eas \u00e1lbuns para o outono"}]},{"@type":"WebSite","@id":"https:\/\/akiarabooks.com\/pt\/#website","url":"https:\/\/akiarabooks.com\/pt\/","name":"AKIARA books","description":"Llibres inspiradors per a petits i grans","publisher":{"@id":"https:\/\/akiarabooks.com\/pt\/#organization"},"potentialAction":[{"@type":"SearchAction","target":{"@type":"EntryPoint","urlTemplate":"https:\/\/akiarabooks.com\/pt\/?s={search_term_string}"},"query-input":{"@type":"PropertyValueSpecification","valueRequired":true,"valueName":"search_term_string"}}],"inLanguage":"pt"},{"@type":"Organization","@id":"https:\/\/akiarabooks.com\/pt\/#organization","name":"AKIARA books","url":"https:\/\/akiarabooks.com\/pt\/","logo":{"@type":"ImageObject","inLanguage":"pt","@id":"https:\/\/akiarabooks.com\/pt\/#\/schema\/logo\/image\/","url":"https:\/\/akiarabooks.com\/wp-content\/uploads\/2018\/02\/cropped-akiara-black.png","contentUrl":"https:\/\/akiarabooks.com\/wp-content\/uploads\/2018\/02\/cropped-akiara-black.png","width":520,"height":236,"caption":"AKIARA books"},"image":{"@id":"https:\/\/akiarabooks.com\/pt\/#\/schema\/logo\/image\/"}},{"@type":"Person","@id":"https:\/\/akiarabooks.com\/pt\/#\/schema\/person\/116b84437a7f3a790c1edce8edb02fe7","name":"In\u00eas Castel-Branco","image":{"@type":"ImageObject","inLanguage":"pt","@id":"https:\/\/akiarabooks.com\/pt\/#\/schema\/person\/image\/","url":"https:\/\/secure.gravatar.com\/avatar\/c5f62b605ba35ec552fa3bfbffa5b30693d1bd9a566e821bcc70b849f0484360?s=96&d=mm&r=g","contentUrl":"https:\/\/secure.gravatar.com\/avatar\/c5f62b605ba35ec552fa3bfbffa5b30693d1bd9a566e821bcc70b849f0484360?s=96&d=mm&r=g","caption":"In\u00eas Castel-Branco"}}]}},"jetpack_featured_media_url":"https:\/\/akiarabooks.com\/wp-content\/uploads\/2018\/10\/3-novetats-Tardor.jpg","_links":{"self":[{"href":"https:\/\/akiarabooks.com\/pt\/wp-json\/wp\/v2\/posts\/5548","targetHints":{"allow":["GET"]}}],"collection":[{"href":"https:\/\/akiarabooks.com\/pt\/wp-json\/wp\/v2\/posts"}],"about":[{"href":"https:\/\/akiarabooks.com\/pt\/wp-json\/wp\/v2\/types\/post"}],"author":[{"embeddable":true,"href":"https:\/\/akiarabooks.com\/pt\/wp-json\/wp\/v2\/users\/4"}],"replies":[{"embeddable":true,"href":"https:\/\/akiarabooks.com\/pt\/wp-json\/wp\/v2\/comments?post=5548"}],"version-history":[{"count":3,"href":"https:\/\/akiarabooks.com\/pt\/wp-json\/wp\/v2\/posts\/5548\/revisions"}],"predecessor-version":[{"id":5590,"href":"https:\/\/akiarabooks.com\/pt\/wp-json\/wp\/v2\/posts\/5548\/revisions\/5590"}],"wp:featuredmedia":[{"embeddable":true,"href":"https:\/\/akiarabooks.com\/pt\/wp-json\/wp\/v2\/media\/5536"}],"wp:attachment":[{"href":"https:\/\/akiarabooks.com\/pt\/wp-json\/wp\/v2\/media?parent=5548"}],"wp:term":[{"taxonomy":"category","embeddable":true,"href":"https:\/\/akiarabooks.com\/pt\/wp-json\/wp\/v2\/categories?post=5548"},{"taxonomy":"post_tag","embeddable":true,"href":"https:\/\/akiarabooks.com\/pt\/wp-json\/wp\/v2\/tags?post=5548"}],"curies":[{"name":"wp","href":"https:\/\/api.w.org\/{rel}","templated":true}]}}