{"id":6085,"date":"2019-03-03T17:07:21","date_gmt":"2019-03-03T15:07:21","guid":{"rendered":"https:\/\/akiarabooks.com\/?p=6085"},"modified":"2019-06-09T22:11:01","modified_gmt":"2019-06-09T20:11:01","slug":"alex-nogues-e-guridi-falam-do-nascimento-de-parco","status":"publish","type":"post","link":"https:\/\/akiarabooks.com\/pt\/alex-nogues-e-guridi-falam-do-nascimento-de-parco\/","title":{"rendered":"O Alex Nogu\u00e9s e o Guridi falam do nascimento de PARCO"},"content":{"rendered":"<p><strong>Pergunt\u00e1mos ao <a href=\"https:\/\/akiarabooks.com\/pt\/autor\/alex-nogues\/\">Alex Nogu\u00e9s<\/a> e ao <a href=\"https:\/\/akiarabooks.com\/pt\/autor\/guridi\/\">Guridi<\/a> como nasceu o\u00a0<a href=\"https:\/\/akiarabooks.com\/pt\/livro\/parco\/\">PARCO<\/a>, e aqui t\u00eam as suas respostas e reflex\u00f5es. Um escritor da Catalunha e um artista de Sevilha p\u00f5em-se de acordo e fazem uma proposta atrevida, l\u00facida, emotiva, que lan\u00e7am abertamente no facebook, a ver &#8220;se h\u00e1 algum editor na sala&#8221;. A AKIARA aceita o desafio.<\/strong><\/p>\n<p><img loading=\"lazy\" decoding=\"async\" class=\"alignnone wp-image-6039\" src=\"https:\/\/akiarabooks.com\/wp-content\/uploads\/2019\/03\/Guridi_facebook_esbozo-300x228.jpg\" alt=\"\" width=\"1000\" height=\"760\" srcset=\"https:\/\/akiarabooks.com\/wp-content\/uploads\/2019\/03\/Guridi_facebook_esbozo-300x228.jpg 300w, https:\/\/akiarabooks.com\/wp-content\/uploads\/2019\/03\/Guridi_facebook_esbozo-500x380.jpg 500w, https:\/\/akiarabooks.com\/wp-content\/uploads\/2019\/03\/Guridi_facebook_esbozo.jpg 516w\" sizes=\"auto, (max-width: 1000px) 100vw, 1000px\" \/><\/p>\n<p><strong>Como nasce o Parco?<\/strong><\/p>\n<p>ALEX: O Parco nasceu de uma conversa digital com o Guridi. J\u00e1 t\u00ednhamos vontade de trabalhar juntos h\u00e1 muito tempo e havia alguns textos que estavam guardados para ele, \u00e0 espera do momento certo. Um dia pediu-me para escrever um texto sobre um \u201cmorto pequenino\u201d. Alguma coisa festiva, que n\u00e3o partisse do ponto de vista de nenhuma religi\u00e3o. Eu j\u00e1 andava a tentar escrever sobre a morte h\u00e1 algum tempo. Precisava de um \u201cclique\u201d, que esse dia chegou.<\/p>\n<p>GURIDI: A morte sempre foi um dos meus maiores medos. Sou uma pessoa muito vital e a ideia da n\u00e3o-exist\u00eancia sempre me provocou muita inquieta\u00e7\u00e3o. Com o Parco queria ultrapassar esses medos e acho que o Alex captou a ideia desde o in\u00edcio. Para mim, o texto dele foi revelador e muito, muito terap\u00eautico.<\/p>\n<p><img loading=\"lazy\" decoding=\"async\" class=\"alignnone wp-image-6036\" src=\"https:\/\/akiarabooks.com\/wp-content\/uploads\/2019\/03\/Parco-entrando-en-el-pueblo-300x132.jpg\" alt=\"\" width=\"1000\" height=\"441\" srcset=\"https:\/\/akiarabooks.com\/wp-content\/uploads\/2019\/03\/Parco-entrando-en-el-pueblo-300x132.jpg 300w, https:\/\/akiarabooks.com\/wp-content\/uploads\/2019\/03\/Parco-entrando-en-el-pueblo-768x338.jpg 768w, https:\/\/akiarabooks.com\/wp-content\/uploads\/2019\/03\/Parco-entrando-en-el-pueblo-1800x793.jpg 1800w, https:\/\/akiarabooks.com\/wp-content\/uploads\/2019\/03\/Parco-entrando-en-el-pueblo-500x220.jpg 500w, https:\/\/akiarabooks.com\/wp-content\/uploads\/2019\/03\/Parco-entrando-en-el-pueblo-1500x661.jpg 1500w, https:\/\/akiarabooks.com\/wp-content\/uploads\/2019\/03\/Parco-entrando-en-el-pueblo-600x264.jpg 600w\" sizes=\"auto, (max-width: 1000px) 100vw, 1000px\" \/><\/p>\n<p><strong>Porque \u00e9 que queriam trabalhar juntos?<\/strong><\/p>\n<p>A: Esta pergunta \u00e9 muito f\u00e1cil para mim. Quem \u00e9 que n\u00e3o gostaria de trabalhar com um ilustrador com o talento e a sensibilidade do Guridi?<\/p>\n<p>G: O Alex \u00e9 um dos escritores de \u00e1lbum mais espetaculares que conhe\u00e7o. Em cada palavra, em cada sil\u00eancio \u00e9 capaz de transmitir sentimentos incr\u00edveis, para al\u00e9m de eu achar que temos em comum o amor por muitas coisas.<\/p>\n<p><strong>E como foi o processo de ilustrar este livro?<\/strong><\/p>\n<p>G: Muito complicado: criar com pouco, trabalhar com aspetos que est\u00e3o na mente de muitos, lidar com o esp\u00edrito da aldeia, situar cada cena e brincar com os tons negros. Demorei muito tempo para decidir o tratamento da cor e o tra\u00e7ado, mas uma vez conseguido, o resto fluiu rapidamente.<\/p>\n<p><img loading=\"lazy\" decoding=\"async\" class=\"alignnone wp-image-5161\" src=\"https:\/\/akiarabooks.com\/wp-content\/uploads\/2018\/09\/Esbossos-pel-terra-300x150.jpg\" alt=\"\" width=\"1000\" height=\"500\" srcset=\"https:\/\/akiarabooks.com\/wp-content\/uploads\/2018\/09\/Esbossos-pel-terra-300x150.jpg 300w, https:\/\/akiarabooks.com\/wp-content\/uploads\/2018\/09\/Esbossos-pel-terra-768x384.jpg 768w, https:\/\/akiarabooks.com\/wp-content\/uploads\/2018\/09\/Esbossos-pel-terra-1800x900.jpg 1800w, https:\/\/akiarabooks.com\/wp-content\/uploads\/2018\/09\/Esbossos-pel-terra-500x250.jpg 500w, https:\/\/akiarabooks.com\/wp-content\/uploads\/2018\/09\/Esbossos-pel-terra-1380x690.jpg 1380w, https:\/\/akiarabooks.com\/wp-content\/uploads\/2018\/09\/Esbossos-pel-terra-600x300.jpg 600w\" sizes=\"auto, (max-width: 1000px) 100vw, 1000px\" \/><\/p>\n<p><strong>Porque \u00e9 que \u00e9 t\u00e3o mexicano?<\/strong><\/p>\n<p>A: Foi quase inevit\u00e1vel. Se juntares as palavras <em>Morte<\/em> e <em>Festivo<\/em>, o M\u00e9xico aparece na tua cabe\u00e7a e j\u00e1 n\u00e3o sai de l\u00e1.<\/p>\n<p>G: Porque o esp\u00edrito mexicano da morte era necess\u00e1rio de modo a direcionar a hist\u00f3ria para o positivo e n\u00e3o para a trag\u00e9dia.<\/p>\n<p><img loading=\"lazy\" decoding=\"async\" class=\"alignnone wp-image-6032\" src=\"https:\/\/akiarabooks.com\/wp-content\/uploads\/2019\/03\/Exvotos-mexicanos-300x137.jpg\" alt=\"\" width=\"1000\" height=\"456\" srcset=\"https:\/\/akiarabooks.com\/wp-content\/uploads\/2019\/03\/Exvotos-mexicanos-300x137.jpg 300w, https:\/\/akiarabooks.com\/wp-content\/uploads\/2019\/03\/Exvotos-mexicanos-768x350.jpg 768w, https:\/\/akiarabooks.com\/wp-content\/uploads\/2019\/03\/Exvotos-mexicanos-1800x821.jpg 1800w, https:\/\/akiarabooks.com\/wp-content\/uploads\/2019\/03\/Exvotos-mexicanos-500x228.jpg 500w, https:\/\/akiarabooks.com\/wp-content\/uploads\/2019\/03\/Exvotos-mexicanos-1500x684.jpg 1500w, https:\/\/akiarabooks.com\/wp-content\/uploads\/2019\/03\/Exvotos-mexicanos-600x274.jpg 600w, https:\/\/akiarabooks.com\/wp-content\/uploads\/2019\/03\/Exvotos-mexicanos.jpg 1902w\" sizes=\"auto, (max-width: 1000px) 100vw, 1000px\" \/><\/p>\n<p><strong>H\u00e1 muitas pessoas que n\u00e3o querem falar sobre a morte com os mais pequenos. <\/strong><strong>\u00c9 um tabu da sociedade atual?<\/strong><\/p>\n<p>A: \u00c9 um tabu, sem d\u00favida. E \u00e9 estranho. A morte \u00e9 uma coisa dos vivos e deixamo-la toda para os mortos. A sociedade t\u00e9cnico-cient\u00edfica matou os deuses e n\u00e3o construiu uma espiritualidade alternativa. Dev\u00edamos olhar para a natureza e contemplar a dan\u00e7a da vida e da morte, que explica tudo.<\/p>\n<p>G: Am\u00e9n!<\/p>\n<p><img loading=\"lazy\" decoding=\"async\" class=\"alignnone wp-image-6067\" src=\"https:\/\/akiarabooks.com\/wp-content\/uploads\/2019\/03\/Parco-Cantina-Machito-300x150.jpg\" alt=\"\" width=\"1000\" height=\"500\" srcset=\"https:\/\/akiarabooks.com\/wp-content\/uploads\/2019\/03\/Parco-Cantina-Machito-300x150.jpg 300w, https:\/\/akiarabooks.com\/wp-content\/uploads\/2019\/03\/Parco-Cantina-Machito-768x384.jpg 768w, https:\/\/akiarabooks.com\/wp-content\/uploads\/2019\/03\/Parco-Cantina-Machito-1800x900.jpg 1800w, https:\/\/akiarabooks.com\/wp-content\/uploads\/2019\/03\/Parco-Cantina-Machito-500x250.jpg 500w, https:\/\/akiarabooks.com\/wp-content\/uploads\/2019\/03\/Parco-Cantina-Machito-1380x690.jpg 1380w, https:\/\/akiarabooks.com\/wp-content\/uploads\/2019\/03\/Parco-Cantina-Machito-600x300.jpg 600w\" sizes=\"auto, (max-width: 1000px) 100vw, 1000px\" \/><\/p>\n<p><strong>Para terminar, c<\/strong><strong>omo deve ser um bom \u00e1lbum ilustrado?<\/strong><\/p>\n<p>A: Um bom \u00e1lbum ilustrado deve conter alguns ingredientes comuns com um bom livro. Ou seja:<\/p>\n<p style=\"padding-left: 30px\">\u2022 Que emocione os autores e os leitores;<br \/>\n\u2022 Que o leitor lamente t\u00ea-lo acabado;<br \/>\n\u2022 Que lhe doa um bocadinho ao separar-se dele;<br \/>\n\u2022 Que os autores e os leitores percebam que, nalgum aspeto, mudaram;<br \/>\n\u2022 Que as palavras provoquem c\u00f3cegas aos leitores nalgum momento, que a linguagem o surpreenda de algum modo.<\/p>\n<p>Mas tem tamb\u00e9m os seus pr\u00f3prios ingredientes que devem ser respeitados:<\/p>\n<p style=\"padding-left: 30px\">\u2022 A ilustra\u00e7\u00e3o e o texto devem brincar um com o outro, e o leitor com eles;<br \/>\n\u2022 O ponto de vista da ilustra\u00e7\u00e3o deve ser surpreendente;<br \/>\n\u2022 Entre o texto e a imagem deve-se construir um mundo que v\u00e1 mais al\u00e9m daquilo que \u00e9 narrado;<br \/>\n\u2022 As imagens devem aspirar a serem uma obra de arte.<\/p>\n<p>G: E eu acrescento:<\/p>\n<p style=\"padding-left: 30px\">\u2022 Que implique o\/a leitor\/a de alguma maneira, que n\u00e3o o\/a deixe indiferente;<br \/>\n\u2022 Que o ritmo da melodia esteja em sintonia com a hist\u00f3ria que conta;<br \/>\n\u2022 Que o c\u00f3digo utilizado, tanto no texto como na imagem, seja adequado a quem se destina;<br \/>\n\u2022 Que te ajude a sentir, imaginar e descobrir, que te seduza.<\/p>\n<p><img loading=\"lazy\" decoding=\"async\" class=\"alignnone wp-image-6056\" src=\"https:\/\/akiarabooks.com\/wp-content\/uploads\/2019\/03\/PARCO-6-300x150.jpg\" alt=\"\" width=\"1000\" height=\"500\" srcset=\"https:\/\/akiarabooks.com\/wp-content\/uploads\/2019\/03\/PARCO-6-300x150.jpg 300w, https:\/\/akiarabooks.com\/wp-content\/uploads\/2019\/03\/PARCO-6-768x384.jpg 768w, https:\/\/akiarabooks.com\/wp-content\/uploads\/2019\/03\/PARCO-6-1800x900.jpg 1800w, https:\/\/akiarabooks.com\/wp-content\/uploads\/2019\/03\/PARCO-6-500x250.jpg 500w, https:\/\/akiarabooks.com\/wp-content\/uploads\/2019\/03\/PARCO-6-1380x690.jpg 1380w, https:\/\/akiarabooks.com\/wp-content\/uploads\/2019\/03\/PARCO-6-600x300.jpg 600w\" sizes=\"auto, (max-width: 1000px) 100vw, 1000px\" \/><\/p>\n<p><strong>Muit\u00edssimo obrigada aos dois! Foi um prazer trabalhar convosco&#8230; repetiremos!<\/strong><\/p>\n<p><span style=\"color: #999999\">Tradu\u00e7\u00e3o de Beatriz Carvalho<\/span><\/p>\n","protected":false},"excerpt":{"rendered":"<p>Pergunt\u00e1mos ao Alex Nogu\u00e9s e ao Guridi como nasceu o\u00a0PARCO, e aqui t\u00eam as suas respostas e reflex\u00f5es. Um escritor da Catalunha e&hellip;<\/p>\n","protected":false},"author":4,"featured_media":6074,"comment_status":"closed","ping_status":"closed","sticky":false,"template":"","format":"standard","meta":{"_acf_changed":false,"footnotes":""},"categories":[353],"tags":[681,348,641,682,683,684,685,686,640,687],"class_list":["post-6085","post","type-post","status-publish","format-standard","has-post-thumbnail","hentry","category-blogue","tag-alex-nogues-pt","tag-atualidade-pt","tag-dia-dos-mortos","tag-entrevista-pt","tag-guridi-pt","tag-lij-pt","tag-literatura-infantil-pt","tag-mexico-pt","tag-morte","tag-parco-pt"],"acf":[],"yoast_head":"<!-- This site is optimized with the Yoast SEO plugin v27.1.1 - https:\/\/yoast.com\/product\/yoast-seo-wordpress\/ -->\n<title>O Alex Nogu\u00e9s e o Guridi falam do nascimento de PARCO - AKIARA books<\/title>\n<meta name=\"robots\" content=\"index, follow, max-snippet:-1, max-image-preview:large, max-video-preview:-1\" \/>\n<link rel=\"canonical\" href=\"https:\/\/akiarabooks.com\/pt\/alex-nogues-e-guridi-falam-do-nascimento-de-parco\/\" \/>\n<meta property=\"og:locale\" content=\"pt_PT\" \/>\n<meta property=\"og:type\" content=\"article\" \/>\n<meta property=\"og:title\" content=\"O Alex Nogu\u00e9s e o Guridi falam do nascimento de PARCO - AKIARA books\" \/>\n<meta property=\"og:description\" content=\"Pergunt\u00e1mos ao Alex Nogu\u00e9s e ao Guridi como nasceu o\u00a0PARCO, e aqui t\u00eam as suas respostas e reflex\u00f5es. Um escritor da Catalunha e&hellip;\" \/>\n<meta property=\"og:url\" content=\"https:\/\/akiarabooks.com\/pt\/alex-nogues-e-guridi-falam-do-nascimento-de-parco\/\" \/>\n<meta property=\"og:site_name\" content=\"AKIARA books\" \/>\n<meta property=\"article:published_time\" content=\"2019-03-03T15:07:21+00:00\" \/>\n<meta property=\"article:modified_time\" content=\"2019-06-09T20:11:01+00:00\" \/>\n<meta property=\"og:image\" content=\"https:\/\/akiarabooks.com\/wp-content\/uploads\/2019\/03\/Parco-mesa-azul-1-1800x900.jpg\" \/>\n\t<meta property=\"og:image:width\" content=\"1800\" \/>\n\t<meta property=\"og:image:height\" content=\"900\" \/>\n\t<meta property=\"og:image:type\" content=\"image\/jpeg\" \/>\n<meta name=\"author\" content=\"In\u00eas Castel-Branco\" \/>\n<meta name=\"twitter:card\" content=\"summary_large_image\" \/>\n<meta name=\"twitter:label1\" content=\"Written by\" \/>\n\t<meta name=\"twitter:data1\" content=\"In\u00eas Castel-Branco\" \/>\n\t<meta name=\"twitter:label2\" content=\"Est. reading time\" \/>\n\t<meta name=\"twitter:data2\" content=\"3 minutes\" \/>\n<script type=\"application\/ld+json\" class=\"yoast-schema-graph\">{\"@context\":\"https:\/\/schema.org\",\"@graph\":[{\"@type\":\"Article\",\"@id\":\"https:\/\/akiarabooks.com\/pt\/alex-nogues-e-guridi-falam-do-nascimento-de-parco\/#article\",\"isPartOf\":{\"@id\":\"https:\/\/akiarabooks.com\/pt\/alex-nogues-e-guridi-falam-do-nascimento-de-parco\/\"},\"author\":{\"name\":\"In\u00eas Castel-Branco\",\"@id\":\"https:\/\/akiarabooks.com\/pt\/#\/schema\/person\/116b84437a7f3a790c1edce8edb02fe7\"},\"headline\":\"O Alex Nogu\u00e9s e o Guridi falam do nascimento de PARCO\",\"datePublished\":\"2019-03-03T15:07:21+00:00\",\"dateModified\":\"2019-06-09T20:11:01+00:00\",\"mainEntityOfPage\":{\"@id\":\"https:\/\/akiarabooks.com\/pt\/alex-nogues-e-guridi-falam-do-nascimento-de-parco\/\"},\"wordCount\":712,\"publisher\":{\"@id\":\"https:\/\/akiarabooks.com\/pt\/#organization\"},\"image\":{\"@id\":\"https:\/\/akiarabooks.com\/pt\/alex-nogues-e-guridi-falam-do-nascimento-de-parco\/#primaryimage\"},\"thumbnailUrl\":\"https:\/\/akiarabooks.com\/wp-content\/uploads\/2019\/03\/Parco-mesa-azul-1.jpg\",\"keywords\":[\"Alex Nogu\u00e9s\",\"Atualidade\",\"Dia dos mortos\",\"entrevista\",\"Guridi\",\"lij\",\"literatura infantil\",\"M\u00e9xico\",\"morte\",\"parco\"],\"articleSection\":[\"Blogue\"],\"inLanguage\":\"pt\"},{\"@type\":\"WebPage\",\"@id\":\"https:\/\/akiarabooks.com\/pt\/alex-nogues-e-guridi-falam-do-nascimento-de-parco\/\",\"url\":\"https:\/\/akiarabooks.com\/pt\/alex-nogues-e-guridi-falam-do-nascimento-de-parco\/\",\"name\":\"O Alex Nogu\u00e9s e o Guridi falam do nascimento de PARCO - AKIARA books\",\"isPartOf\":{\"@id\":\"https:\/\/akiarabooks.com\/pt\/#website\"},\"primaryImageOfPage\":{\"@id\":\"https:\/\/akiarabooks.com\/pt\/alex-nogues-e-guridi-falam-do-nascimento-de-parco\/#primaryimage\"},\"image\":{\"@id\":\"https:\/\/akiarabooks.com\/pt\/alex-nogues-e-guridi-falam-do-nascimento-de-parco\/#primaryimage\"},\"thumbnailUrl\":\"https:\/\/akiarabooks.com\/wp-content\/uploads\/2019\/03\/Parco-mesa-azul-1.jpg\",\"datePublished\":\"2019-03-03T15:07:21+00:00\",\"dateModified\":\"2019-06-09T20:11:01+00:00\",\"breadcrumb\":{\"@id\":\"https:\/\/akiarabooks.com\/pt\/alex-nogues-e-guridi-falam-do-nascimento-de-parco\/#breadcrumb\"},\"inLanguage\":\"pt\",\"potentialAction\":[{\"@type\":\"ReadAction\",\"target\":[\"https:\/\/akiarabooks.com\/pt\/alex-nogues-e-guridi-falam-do-nascimento-de-parco\/\"]}]},{\"@type\":\"ImageObject\",\"inLanguage\":\"pt\",\"@id\":\"https:\/\/akiarabooks.com\/pt\/alex-nogues-e-guridi-falam-do-nascimento-de-parco\/#primaryimage\",\"url\":\"https:\/\/akiarabooks.com\/wp-content\/uploads\/2019\/03\/Parco-mesa-azul-1.jpg\",\"contentUrl\":\"https:\/\/akiarabooks.com\/wp-content\/uploads\/2019\/03\/Parco-mesa-azul-1.jpg\",\"width\":4252,\"height\":2126},{\"@type\":\"BreadcrumbList\",\"@id\":\"https:\/\/akiarabooks.com\/pt\/alex-nogues-e-guridi-falam-do-nascimento-de-parco\/#breadcrumb\",\"itemListElement\":[{\"@type\":\"ListItem\",\"position\":1,\"name\":\"Inici\",\"item\":\"https:\/\/akiarabooks.com\/pt\/\"},{\"@type\":\"ListItem\",\"position\":2,\"name\":\"O Alex Nogu\u00e9s e o Guridi falam do nascimento de PARCO\"}]},{\"@type\":\"WebSite\",\"@id\":\"https:\/\/akiarabooks.com\/pt\/#website\",\"url\":\"https:\/\/akiarabooks.com\/pt\/\",\"name\":\"AKIARA books\",\"description\":\"Llibres inspiradors per a petits i grans\",\"publisher\":{\"@id\":\"https:\/\/akiarabooks.com\/pt\/#organization\"},\"potentialAction\":[{\"@type\":\"SearchAction\",\"target\":{\"@type\":\"EntryPoint\",\"urlTemplate\":\"https:\/\/akiarabooks.com\/pt\/?s={search_term_string}\"},\"query-input\":{\"@type\":\"PropertyValueSpecification\",\"valueRequired\":true,\"valueName\":\"search_term_string\"}}],\"inLanguage\":\"pt\"},{\"@type\":\"Organization\",\"@id\":\"https:\/\/akiarabooks.com\/pt\/#organization\",\"name\":\"AKIARA books\",\"url\":\"https:\/\/akiarabooks.com\/pt\/\",\"logo\":{\"@type\":\"ImageObject\",\"inLanguage\":\"pt\",\"@id\":\"https:\/\/akiarabooks.com\/pt\/#\/schema\/logo\/image\/\",\"url\":\"https:\/\/akiarabooks.com\/wp-content\/uploads\/2018\/02\/cropped-akiara-black.png\",\"contentUrl\":\"https:\/\/akiarabooks.com\/wp-content\/uploads\/2018\/02\/cropped-akiara-black.png\",\"width\":520,\"height\":236,\"caption\":\"AKIARA books\"},\"image\":{\"@id\":\"https:\/\/akiarabooks.com\/pt\/#\/schema\/logo\/image\/\"}},{\"@type\":\"Person\",\"@id\":\"https:\/\/akiarabooks.com\/pt\/#\/schema\/person\/116b84437a7f3a790c1edce8edb02fe7\",\"name\":\"In\u00eas Castel-Branco\",\"image\":{\"@type\":\"ImageObject\",\"inLanguage\":\"pt\",\"@id\":\"https:\/\/akiarabooks.com\/pt\/#\/schema\/person\/image\/\",\"url\":\"https:\/\/secure.gravatar.com\/avatar\/c5f62b605ba35ec552fa3bfbffa5b30693d1bd9a566e821bcc70b849f0484360?s=96&d=mm&r=g\",\"contentUrl\":\"https:\/\/secure.gravatar.com\/avatar\/c5f62b605ba35ec552fa3bfbffa5b30693d1bd9a566e821bcc70b849f0484360?s=96&d=mm&r=g\",\"caption\":\"In\u00eas Castel-Branco\"}}]}<\/script>\n<!-- \/ Yoast SEO plugin. -->","yoast_head_json":{"title":"O Alex Nogu\u00e9s e o Guridi falam do nascimento de PARCO - AKIARA books","robots":{"index":"index","follow":"follow","max-snippet":"max-snippet:-1","max-image-preview":"max-image-preview:large","max-video-preview":"max-video-preview:-1"},"canonical":"https:\/\/akiarabooks.com\/pt\/alex-nogues-e-guridi-falam-do-nascimento-de-parco\/","og_locale":"pt_PT","og_type":"article","og_title":"O Alex Nogu\u00e9s e o Guridi falam do nascimento de PARCO - AKIARA books","og_description":"Pergunt\u00e1mos ao Alex Nogu\u00e9s e ao Guridi como nasceu o\u00a0PARCO, e aqui t\u00eam as suas respostas e reflex\u00f5es. Um escritor da Catalunha e&hellip;","og_url":"https:\/\/akiarabooks.com\/pt\/alex-nogues-e-guridi-falam-do-nascimento-de-parco\/","og_site_name":"AKIARA books","article_published_time":"2019-03-03T15:07:21+00:00","article_modified_time":"2019-06-09T20:11:01+00:00","og_image":[{"width":1800,"height":900,"url":"https:\/\/akiarabooks.com\/wp-content\/uploads\/2019\/03\/Parco-mesa-azul-1-1800x900.jpg","type":"image\/jpeg"}],"author":"In\u00eas Castel-Branco","twitter_card":"summary_large_image","twitter_misc":{"Written by":"In\u00eas Castel-Branco","Est. reading time":"3 minutes"},"schema":{"@context":"https:\/\/schema.org","@graph":[{"@type":"Article","@id":"https:\/\/akiarabooks.com\/pt\/alex-nogues-e-guridi-falam-do-nascimento-de-parco\/#article","isPartOf":{"@id":"https:\/\/akiarabooks.com\/pt\/alex-nogues-e-guridi-falam-do-nascimento-de-parco\/"},"author":{"name":"In\u00eas Castel-Branco","@id":"https:\/\/akiarabooks.com\/pt\/#\/schema\/person\/116b84437a7f3a790c1edce8edb02fe7"},"headline":"O Alex Nogu\u00e9s e o Guridi falam do nascimento de PARCO","datePublished":"2019-03-03T15:07:21+00:00","dateModified":"2019-06-09T20:11:01+00:00","mainEntityOfPage":{"@id":"https:\/\/akiarabooks.com\/pt\/alex-nogues-e-guridi-falam-do-nascimento-de-parco\/"},"wordCount":712,"publisher":{"@id":"https:\/\/akiarabooks.com\/pt\/#organization"},"image":{"@id":"https:\/\/akiarabooks.com\/pt\/alex-nogues-e-guridi-falam-do-nascimento-de-parco\/#primaryimage"},"thumbnailUrl":"https:\/\/akiarabooks.com\/wp-content\/uploads\/2019\/03\/Parco-mesa-azul-1.jpg","keywords":["Alex Nogu\u00e9s","Atualidade","Dia dos mortos","entrevista","Guridi","lij","literatura infantil","M\u00e9xico","morte","parco"],"articleSection":["Blogue"],"inLanguage":"pt"},{"@type":"WebPage","@id":"https:\/\/akiarabooks.com\/pt\/alex-nogues-e-guridi-falam-do-nascimento-de-parco\/","url":"https:\/\/akiarabooks.com\/pt\/alex-nogues-e-guridi-falam-do-nascimento-de-parco\/","name":"O Alex Nogu\u00e9s e o Guridi falam do nascimento de PARCO - AKIARA books","isPartOf":{"@id":"https:\/\/akiarabooks.com\/pt\/#website"},"primaryImageOfPage":{"@id":"https:\/\/akiarabooks.com\/pt\/alex-nogues-e-guridi-falam-do-nascimento-de-parco\/#primaryimage"},"image":{"@id":"https:\/\/akiarabooks.com\/pt\/alex-nogues-e-guridi-falam-do-nascimento-de-parco\/#primaryimage"},"thumbnailUrl":"https:\/\/akiarabooks.com\/wp-content\/uploads\/2019\/03\/Parco-mesa-azul-1.jpg","datePublished":"2019-03-03T15:07:21+00:00","dateModified":"2019-06-09T20:11:01+00:00","breadcrumb":{"@id":"https:\/\/akiarabooks.com\/pt\/alex-nogues-e-guridi-falam-do-nascimento-de-parco\/#breadcrumb"},"inLanguage":"pt","potentialAction":[{"@type":"ReadAction","target":["https:\/\/akiarabooks.com\/pt\/alex-nogues-e-guridi-falam-do-nascimento-de-parco\/"]}]},{"@type":"ImageObject","inLanguage":"pt","@id":"https:\/\/akiarabooks.com\/pt\/alex-nogues-e-guridi-falam-do-nascimento-de-parco\/#primaryimage","url":"https:\/\/akiarabooks.com\/wp-content\/uploads\/2019\/03\/Parco-mesa-azul-1.jpg","contentUrl":"https:\/\/akiarabooks.com\/wp-content\/uploads\/2019\/03\/Parco-mesa-azul-1.jpg","width":4252,"height":2126},{"@type":"BreadcrumbList","@id":"https:\/\/akiarabooks.com\/pt\/alex-nogues-e-guridi-falam-do-nascimento-de-parco\/#breadcrumb","itemListElement":[{"@type":"ListItem","position":1,"name":"Inici","item":"https:\/\/akiarabooks.com\/pt\/"},{"@type":"ListItem","position":2,"name":"O Alex Nogu\u00e9s e o Guridi falam do nascimento de PARCO"}]},{"@type":"WebSite","@id":"https:\/\/akiarabooks.com\/pt\/#website","url":"https:\/\/akiarabooks.com\/pt\/","name":"AKIARA books","description":"Llibres inspiradors per a petits i grans","publisher":{"@id":"https:\/\/akiarabooks.com\/pt\/#organization"},"potentialAction":[{"@type":"SearchAction","target":{"@type":"EntryPoint","urlTemplate":"https:\/\/akiarabooks.com\/pt\/?s={search_term_string}"},"query-input":{"@type":"PropertyValueSpecification","valueRequired":true,"valueName":"search_term_string"}}],"inLanguage":"pt"},{"@type":"Organization","@id":"https:\/\/akiarabooks.com\/pt\/#organization","name":"AKIARA books","url":"https:\/\/akiarabooks.com\/pt\/","logo":{"@type":"ImageObject","inLanguage":"pt","@id":"https:\/\/akiarabooks.com\/pt\/#\/schema\/logo\/image\/","url":"https:\/\/akiarabooks.com\/wp-content\/uploads\/2018\/02\/cropped-akiara-black.png","contentUrl":"https:\/\/akiarabooks.com\/wp-content\/uploads\/2018\/02\/cropped-akiara-black.png","width":520,"height":236,"caption":"AKIARA books"},"image":{"@id":"https:\/\/akiarabooks.com\/pt\/#\/schema\/logo\/image\/"}},{"@type":"Person","@id":"https:\/\/akiarabooks.com\/pt\/#\/schema\/person\/116b84437a7f3a790c1edce8edb02fe7","name":"In\u00eas Castel-Branco","image":{"@type":"ImageObject","inLanguage":"pt","@id":"https:\/\/akiarabooks.com\/pt\/#\/schema\/person\/image\/","url":"https:\/\/secure.gravatar.com\/avatar\/c5f62b605ba35ec552fa3bfbffa5b30693d1bd9a566e821bcc70b849f0484360?s=96&d=mm&r=g","contentUrl":"https:\/\/secure.gravatar.com\/avatar\/c5f62b605ba35ec552fa3bfbffa5b30693d1bd9a566e821bcc70b849f0484360?s=96&d=mm&r=g","caption":"In\u00eas Castel-Branco"}}]}},"jetpack_featured_media_url":"https:\/\/akiarabooks.com\/wp-content\/uploads\/2019\/03\/Parco-mesa-azul-1.jpg","_links":{"self":[{"href":"https:\/\/akiarabooks.com\/pt\/wp-json\/wp\/v2\/posts\/6085","targetHints":{"allow":["GET"]}}],"collection":[{"href":"https:\/\/akiarabooks.com\/pt\/wp-json\/wp\/v2\/posts"}],"about":[{"href":"https:\/\/akiarabooks.com\/pt\/wp-json\/wp\/v2\/types\/post"}],"author":[{"embeddable":true,"href":"https:\/\/akiarabooks.com\/pt\/wp-json\/wp\/v2\/users\/4"}],"replies":[{"embeddable":true,"href":"https:\/\/akiarabooks.com\/pt\/wp-json\/wp\/v2\/comments?post=6085"}],"version-history":[{"count":4,"href":"https:\/\/akiarabooks.com\/pt\/wp-json\/wp\/v2\/posts\/6085\/revisions"}],"predecessor-version":[{"id":6091,"href":"https:\/\/akiarabooks.com\/pt\/wp-json\/wp\/v2\/posts\/6085\/revisions\/6091"}],"wp:featuredmedia":[{"embeddable":true,"href":"https:\/\/akiarabooks.com\/pt\/wp-json\/wp\/v2\/media\/6074"}],"wp:attachment":[{"href":"https:\/\/akiarabooks.com\/pt\/wp-json\/wp\/v2\/media?parent=6085"}],"wp:term":[{"taxonomy":"category","embeddable":true,"href":"https:\/\/akiarabooks.com\/pt\/wp-json\/wp\/v2\/categories?post=6085"},{"taxonomy":"post_tag","embeddable":true,"href":"https:\/\/akiarabooks.com\/pt\/wp-json\/wp\/v2\/tags?post=6085"}],"curies":[{"name":"wp","href":"https:\/\/api.w.org\/{rel}","templated":true}]}}