{"id":8870,"date":"2020-12-02T19:47:44","date_gmt":"2020-12-02T17:47:44","guid":{"rendered":"https:\/\/akiarabooks.com\/?p=8870"},"modified":"2020-12-02T19:50:00","modified_gmt":"2020-12-02T17:50:00","slug":"um-livro-acordeao-sobre-o-ciclo-de-vida-de-uma-semente","status":"publish","type":"post","link":"https:\/\/akiarabooks.com\/pt\/um-livro-acordeao-sobre-o-ciclo-de-vida-de-uma-semente\/","title":{"rendered":"Um livro acorde\u00e3o sobre o ciclo de vida de uma semente"},"content":{"rendered":"<h6>Uma pequena semente\u00a0\u00e9 o terceiro t\u00edtulo da cole\u00e7\u00e3o <a href=\"https:\/\/akiarabooks.com\/pt\/categoria-producto\/akipoeta-pt\/\">AKIPOETA <\/a>(iniciada em junho de 2020), agora com um formato muito especial: um acorde\u00e3o desdobr\u00e1vel, de grandes dimens\u00f5es e papel rugoso, ilustrado dos dois lados e com uma caixa independente onde guard\u00e1-lo.<\/h6>\n<p>&nbsp;<\/p>\n<p><a href=\"https:\/\/akiarabooks.com\/pt\/livro\/uma-pequena-semente\/\"><strong><em>Uma pequena semente<\/em><\/strong><\/a>\u00a0parte dos poemas em verso livre de\u00a0<a href=\"https:\/\/akiarabooks.com\/pt\/autor\/mar-benegas\/\"><strong>Mar Benegas<\/strong><\/a>\u00a0e das ilustra\u00e7\u00f5es minimalistas de\u00a0<a href=\"https:\/\/akiarabooks.com\/pt\/autor\/neus-caamano\/\"><strong>Neus Caama\u00f1o<\/strong><\/a>. Embora, na verdade, resulte de um processo lento e colaborativo com a editora, um processo a tr\u00eas vozes em busca de um formato e uma estrutura conceptual que permitissem dar corpo a uma hist\u00f3ria circular, simples e complexa ao mesmo tempo: o ciclo de vida de uma semente, em que cada momento \u00e9 \u00fanico e importante em si mesmo.<\/p>\n<p>Para dar forma \u00e0 ideia de <strong>circularidade<\/strong> e, em simult\u00e2neo, \u00e0 import\u00e2ncia que tem cada momento, cada p\u00e1gina narra uma pequena hist\u00f3ria (\u00abHavia una pequena semente&#8230;\u00bb) em quatro versos que \u00e9 retomada na p\u00e1gina seguinte.<\/p>\n<p>Para refor\u00e7ar a ideia de que metade do livro mostra o que se passa \u00ab<strong>em baixo<\/strong>\u00bb e a outra metade o que acontece \u00ab<strong>por cima<\/strong>\u00bb <strong>da superf\u00edcie da terra<\/strong>, foi dado um uso simb\u00f3lico \u00e0 cor: numa das faces predomina o vermelho c\u00e1lido da terra e, na outra, o azul et\u00e9reo do c\u00e9u. A linha que separa a terra do c\u00e9u \u2014 os dois ter\u00e7os inferiores ou superiores de cada lado \u2014 \u00e9 um elemento essencial. Esta \u00abarquitetura\u00bb do livro \u00e9 o que o sust\u00e9m no seu todo e nos permite centrar-nos nos processos vitais que v\u00e3o tendo lugar com o passar do tempo e das esta\u00e7\u00f5es.<\/p>\n<p>Ratos, insetos, esquilos e p\u00e1ssaros, em conjunto com a \u00e1gua da chuva e o calor do sol, participam nesta sinfonia sem desviar a aten\u00e7\u00e3o da semente que se converte em \u00e1rvore nem da \u00e1rvore da qual nascem sementes. Neste processo, n\u00e3o \u00e9 necess\u00e1ria a interven\u00e7\u00e3o humana, <strong>porque a natureza se renova sozinha<\/strong>, num prod\u00edgio de efici\u00eancia silenciosa.<\/p>\n<p>A exist\u00eancia de <strong>uma \u00fanica capa<\/strong>, que se repete nas duas faces do acorde\u00e3o (e na qual se encontram de maneira magistral o azul e o vermelho), acentua o car\u00e1cter circular da hist\u00f3ria. Seja por onde for que comecemos, a hist\u00f3ria\u00a0ter\u00e1 sempre\u00a0sentido. A caixa onde se guarda o acorde\u00e3o responde \u00e0 mesma subtileza e depura\u00e7\u00e3o que encontramos no seu interior, e respeita o jogo de cores e a geometria. At\u00e9 o c\u00f3digo de barras foi transformado num elemento po\u00e9tico.<\/p>\n<p>A AKIARA quer continuar a oferecer livros delicados, profundos e belos, que nos recordem <strong>a maravilha da natureza<\/strong> e nos ajudem a formar o gosto e a sensibilidade est\u00e9tica desde muito pequenos.<\/p>\n<h6 style=\"text-align: center\"><\/h6>\n<p>&nbsp;<\/p>\n<h6 style=\"text-align: center\">\u00abDebaixo da terra e acima, nos ramos: que processo t\u00e3o maravilhoso tem lugar em cada cen\u00e1rio com esta semente que cai do bico de um p\u00e1ssaro. O ciclo infinito da vida fica aqui refletido.\u00bb<br \/>\nMAR BENEGAS<\/h6>\n<h6><\/h6>\n<h6 style=\"text-align: center\">\u00abFoi um processo longo e profundo, com muito esfor\u00e7o de depura\u00e7\u00e3o, o que faz este livro ocupar um lugar muito especial entre todos aqueles que criei.\u00bb<br \/>\nNEUS CAAMA\u00d1O<\/h6>\n<h6><\/h6>\n<h6 style=\"text-align: center\">\u00abCada livro merece ser pensado de novo, e este em particular<br \/>\nconstituiu um desafio muito interessante a tr\u00eas vozes.<br \/>\nEsperamos que seja recebido como o presente que \u00e9, um pequeno<br \/>\npresente em compara\u00e7\u00e3o com todos os presentes que a natureza nos oferece a cada instante.\u00bb<br \/>\nIN\u00caS CASTEL-BRANCO<\/h6>\n","protected":false},"excerpt":{"rendered":"<p>Uma pequena semente\u00a0\u00e9 o terceiro t\u00edtulo da cole\u00e7\u00e3o AKIPOETA (iniciada em junho de 2020), agora com um formato muito especial: um acorde\u00e3o desdobr\u00e1vel,&hellip;<\/p>\n","protected":false},"author":4,"featured_media":8852,"comment_status":"closed","ping_status":"closed","sticky":false,"template":"","format":"standard","meta":{"_acf_changed":false,"footnotes":""},"categories":[352],"tags":[351],"class_list":["post-8870","post","type-post","status-publish","format-standard","has-post-thumbnail","hentry","category-noticias","tag-post-destacados-na-pagina-principal"],"acf":[],"yoast_head":"<!-- This site is optimized with the Yoast SEO plugin v27.1.1 - https:\/\/yoast.com\/product\/yoast-seo-wordpress\/ -->\n<title>Um livro acorde\u00e3o sobre o ciclo de vida de uma semente - AKIARA books<\/title>\n<meta name=\"robots\" content=\"index, follow, max-snippet:-1, max-image-preview:large, max-video-preview:-1\" \/>\n<link rel=\"canonical\" href=\"https:\/\/akiarabooks.com\/pt\/um-livro-acordeao-sobre-o-ciclo-de-vida-de-uma-semente\/\" \/>\n<meta property=\"og:locale\" content=\"pt_PT\" \/>\n<meta property=\"og:type\" content=\"article\" \/>\n<meta property=\"og:title\" content=\"Um livro acorde\u00e3o sobre o ciclo de vida de uma semente - AKIARA books\" \/>\n<meta property=\"og:description\" content=\"Uma pequena semente\u00a0\u00e9 o terceiro t\u00edtulo da cole\u00e7\u00e3o AKIPOETA (iniciada em junho de 2020), agora com um formato muito especial: um acorde\u00e3o desdobr\u00e1vel,&hellip;\" \/>\n<meta property=\"og:url\" content=\"https:\/\/akiarabooks.com\/pt\/um-livro-acordeao-sobre-o-ciclo-de-vida-de-uma-semente\/\" \/>\n<meta property=\"og:site_name\" content=\"AKIARA books\" \/>\n<meta property=\"article:published_time\" content=\"2020-12-02T17:47:44+00:00\" \/>\n<meta property=\"article:modified_time\" content=\"2020-12-02T17:50:00+00:00\" \/>\n<meta property=\"og:image\" content=\"https:\/\/akiarabooks.com\/wp-content\/uploads\/2020\/12\/Llavor-web-1-scaled.jpg\" \/>\n\t<meta property=\"og:image:width\" content=\"2560\" \/>\n\t<meta property=\"og:image:height\" content=\"1280\" \/>\n\t<meta property=\"og:image:type\" content=\"image\/jpeg\" \/>\n<meta name=\"author\" content=\"In\u00eas Castel-Branco\" \/>\n<meta name=\"twitter:card\" content=\"summary_large_image\" \/>\n<meta name=\"twitter:label1\" content=\"Written by\" \/>\n\t<meta name=\"twitter:data1\" content=\"In\u00eas Castel-Branco\" \/>\n\t<meta name=\"twitter:label2\" content=\"Est. reading time\" \/>\n\t<meta name=\"twitter:data2\" content=\"3 minutes\" \/>\n<script type=\"application\/ld+json\" class=\"yoast-schema-graph\">{\"@context\":\"https:\/\/schema.org\",\"@graph\":[{\"@type\":\"Article\",\"@id\":\"https:\/\/akiarabooks.com\/pt\/um-livro-acordeao-sobre-o-ciclo-de-vida-de-uma-semente\/#article\",\"isPartOf\":{\"@id\":\"https:\/\/akiarabooks.com\/pt\/um-livro-acordeao-sobre-o-ciclo-de-vida-de-uma-semente\/\"},\"author\":{\"name\":\"In\u00eas Castel-Branco\",\"@id\":\"https:\/\/akiarabooks.com\/pt\/#\/schema\/person\/116b84437a7f3a790c1edce8edb02fe7\"},\"headline\":\"Um livro acorde\u00e3o sobre o ciclo de vida de uma semente\",\"datePublished\":\"2020-12-02T17:47:44+00:00\",\"dateModified\":\"2020-12-02T17:50:00+00:00\",\"mainEntityOfPage\":{\"@id\":\"https:\/\/akiarabooks.com\/pt\/um-livro-acordeao-sobre-o-ciclo-de-vida-de-uma-semente\/\"},\"wordCount\":594,\"publisher\":{\"@id\":\"https:\/\/akiarabooks.com\/pt\/#organization\"},\"image\":{\"@id\":\"https:\/\/akiarabooks.com\/pt\/um-livro-acordeao-sobre-o-ciclo-de-vida-de-uma-semente\/#primaryimage\"},\"thumbnailUrl\":\"https:\/\/akiarabooks.com\/wp-content\/uploads\/2020\/12\/Llavor-web-1-scaled.jpg\",\"keywords\":[\"Destacados\"],\"articleSection\":[\"Not\u00edcias\"],\"inLanguage\":\"pt\"},{\"@type\":\"WebPage\",\"@id\":\"https:\/\/akiarabooks.com\/pt\/um-livro-acordeao-sobre-o-ciclo-de-vida-de-uma-semente\/\",\"url\":\"https:\/\/akiarabooks.com\/pt\/um-livro-acordeao-sobre-o-ciclo-de-vida-de-uma-semente\/\",\"name\":\"Um livro acorde\u00e3o sobre o ciclo de vida de uma semente - AKIARA books\",\"isPartOf\":{\"@id\":\"https:\/\/akiarabooks.com\/pt\/#website\"},\"primaryImageOfPage\":{\"@id\":\"https:\/\/akiarabooks.com\/pt\/um-livro-acordeao-sobre-o-ciclo-de-vida-de-uma-semente\/#primaryimage\"},\"image\":{\"@id\":\"https:\/\/akiarabooks.com\/pt\/um-livro-acordeao-sobre-o-ciclo-de-vida-de-uma-semente\/#primaryimage\"},\"thumbnailUrl\":\"https:\/\/akiarabooks.com\/wp-content\/uploads\/2020\/12\/Llavor-web-1-scaled.jpg\",\"datePublished\":\"2020-12-02T17:47:44+00:00\",\"dateModified\":\"2020-12-02T17:50:00+00:00\",\"breadcrumb\":{\"@id\":\"https:\/\/akiarabooks.com\/pt\/um-livro-acordeao-sobre-o-ciclo-de-vida-de-uma-semente\/#breadcrumb\"},\"inLanguage\":\"pt\",\"potentialAction\":[{\"@type\":\"ReadAction\",\"target\":[\"https:\/\/akiarabooks.com\/pt\/um-livro-acordeao-sobre-o-ciclo-de-vida-de-uma-semente\/\"]}]},{\"@type\":\"ImageObject\",\"inLanguage\":\"pt\",\"@id\":\"https:\/\/akiarabooks.com\/pt\/um-livro-acordeao-sobre-o-ciclo-de-vida-de-uma-semente\/#primaryimage\",\"url\":\"https:\/\/akiarabooks.com\/wp-content\/uploads\/2020\/12\/Llavor-web-1-scaled.jpg\",\"contentUrl\":\"https:\/\/akiarabooks.com\/wp-content\/uploads\/2020\/12\/Llavor-web-1-scaled.jpg\",\"width\":2560,\"height\":1280},{\"@type\":\"BreadcrumbList\",\"@id\":\"https:\/\/akiarabooks.com\/pt\/um-livro-acordeao-sobre-o-ciclo-de-vida-de-uma-semente\/#breadcrumb\",\"itemListElement\":[{\"@type\":\"ListItem\",\"position\":1,\"name\":\"Inici\",\"item\":\"https:\/\/akiarabooks.com\/pt\/\"},{\"@type\":\"ListItem\",\"position\":2,\"name\":\"Um livro acorde\u00e3o sobre o ciclo de vida de uma semente\"}]},{\"@type\":\"WebSite\",\"@id\":\"https:\/\/akiarabooks.com\/pt\/#website\",\"url\":\"https:\/\/akiarabooks.com\/pt\/\",\"name\":\"AKIARA books\",\"description\":\"Llibres inspiradors per a petits i grans\",\"publisher\":{\"@id\":\"https:\/\/akiarabooks.com\/pt\/#organization\"},\"potentialAction\":[{\"@type\":\"SearchAction\",\"target\":{\"@type\":\"EntryPoint\",\"urlTemplate\":\"https:\/\/akiarabooks.com\/pt\/?s={search_term_string}\"},\"query-input\":{\"@type\":\"PropertyValueSpecification\",\"valueRequired\":true,\"valueName\":\"search_term_string\"}}],\"inLanguage\":\"pt\"},{\"@type\":\"Organization\",\"@id\":\"https:\/\/akiarabooks.com\/pt\/#organization\",\"name\":\"AKIARA books\",\"url\":\"https:\/\/akiarabooks.com\/pt\/\",\"logo\":{\"@type\":\"ImageObject\",\"inLanguage\":\"pt\",\"@id\":\"https:\/\/akiarabooks.com\/pt\/#\/schema\/logo\/image\/\",\"url\":\"https:\/\/akiarabooks.com\/wp-content\/uploads\/2018\/02\/cropped-akiara-black.png\",\"contentUrl\":\"https:\/\/akiarabooks.com\/wp-content\/uploads\/2018\/02\/cropped-akiara-black.png\",\"width\":520,\"height\":236,\"caption\":\"AKIARA books\"},\"image\":{\"@id\":\"https:\/\/akiarabooks.com\/pt\/#\/schema\/logo\/image\/\"}},{\"@type\":\"Person\",\"@id\":\"https:\/\/akiarabooks.com\/pt\/#\/schema\/person\/116b84437a7f3a790c1edce8edb02fe7\",\"name\":\"In\u00eas Castel-Branco\",\"image\":{\"@type\":\"ImageObject\",\"inLanguage\":\"pt\",\"@id\":\"https:\/\/akiarabooks.com\/pt\/#\/schema\/person\/image\/\",\"url\":\"https:\/\/secure.gravatar.com\/avatar\/c5f62b605ba35ec552fa3bfbffa5b30693d1bd9a566e821bcc70b849f0484360?s=96&d=mm&r=g\",\"contentUrl\":\"https:\/\/secure.gravatar.com\/avatar\/c5f62b605ba35ec552fa3bfbffa5b30693d1bd9a566e821bcc70b849f0484360?s=96&d=mm&r=g\",\"caption\":\"In\u00eas Castel-Branco\"}}]}<\/script>\n<!-- \/ Yoast SEO plugin. -->","yoast_head_json":{"title":"Um livro acorde\u00e3o sobre o ciclo de vida de uma semente - AKIARA books","robots":{"index":"index","follow":"follow","max-snippet":"max-snippet:-1","max-image-preview":"max-image-preview:large","max-video-preview":"max-video-preview:-1"},"canonical":"https:\/\/akiarabooks.com\/pt\/um-livro-acordeao-sobre-o-ciclo-de-vida-de-uma-semente\/","og_locale":"pt_PT","og_type":"article","og_title":"Um livro acorde\u00e3o sobre o ciclo de vida de uma semente - AKIARA books","og_description":"Uma pequena semente\u00a0\u00e9 o terceiro t\u00edtulo da cole\u00e7\u00e3o AKIPOETA (iniciada em junho de 2020), agora com um formato muito especial: um acorde\u00e3o desdobr\u00e1vel,&hellip;","og_url":"https:\/\/akiarabooks.com\/pt\/um-livro-acordeao-sobre-o-ciclo-de-vida-de-uma-semente\/","og_site_name":"AKIARA books","article_published_time":"2020-12-02T17:47:44+00:00","article_modified_time":"2020-12-02T17:50:00+00:00","og_image":[{"width":2560,"height":1280,"url":"https:\/\/akiarabooks.com\/wp-content\/uploads\/2020\/12\/Llavor-web-1-scaled.jpg","type":"image\/jpeg"}],"author":"In\u00eas Castel-Branco","twitter_card":"summary_large_image","twitter_misc":{"Written by":"In\u00eas Castel-Branco","Est. reading time":"3 minutes"},"schema":{"@context":"https:\/\/schema.org","@graph":[{"@type":"Article","@id":"https:\/\/akiarabooks.com\/pt\/um-livro-acordeao-sobre-o-ciclo-de-vida-de-uma-semente\/#article","isPartOf":{"@id":"https:\/\/akiarabooks.com\/pt\/um-livro-acordeao-sobre-o-ciclo-de-vida-de-uma-semente\/"},"author":{"name":"In\u00eas Castel-Branco","@id":"https:\/\/akiarabooks.com\/pt\/#\/schema\/person\/116b84437a7f3a790c1edce8edb02fe7"},"headline":"Um livro acorde\u00e3o sobre o ciclo de vida de uma semente","datePublished":"2020-12-02T17:47:44+00:00","dateModified":"2020-12-02T17:50:00+00:00","mainEntityOfPage":{"@id":"https:\/\/akiarabooks.com\/pt\/um-livro-acordeao-sobre-o-ciclo-de-vida-de-uma-semente\/"},"wordCount":594,"publisher":{"@id":"https:\/\/akiarabooks.com\/pt\/#organization"},"image":{"@id":"https:\/\/akiarabooks.com\/pt\/um-livro-acordeao-sobre-o-ciclo-de-vida-de-uma-semente\/#primaryimage"},"thumbnailUrl":"https:\/\/akiarabooks.com\/wp-content\/uploads\/2020\/12\/Llavor-web-1-scaled.jpg","keywords":["Destacados"],"articleSection":["Not\u00edcias"],"inLanguage":"pt"},{"@type":"WebPage","@id":"https:\/\/akiarabooks.com\/pt\/um-livro-acordeao-sobre-o-ciclo-de-vida-de-uma-semente\/","url":"https:\/\/akiarabooks.com\/pt\/um-livro-acordeao-sobre-o-ciclo-de-vida-de-uma-semente\/","name":"Um livro acorde\u00e3o sobre o ciclo de vida de uma semente - AKIARA books","isPartOf":{"@id":"https:\/\/akiarabooks.com\/pt\/#website"},"primaryImageOfPage":{"@id":"https:\/\/akiarabooks.com\/pt\/um-livro-acordeao-sobre-o-ciclo-de-vida-de-uma-semente\/#primaryimage"},"image":{"@id":"https:\/\/akiarabooks.com\/pt\/um-livro-acordeao-sobre-o-ciclo-de-vida-de-uma-semente\/#primaryimage"},"thumbnailUrl":"https:\/\/akiarabooks.com\/wp-content\/uploads\/2020\/12\/Llavor-web-1-scaled.jpg","datePublished":"2020-12-02T17:47:44+00:00","dateModified":"2020-12-02T17:50:00+00:00","breadcrumb":{"@id":"https:\/\/akiarabooks.com\/pt\/um-livro-acordeao-sobre-o-ciclo-de-vida-de-uma-semente\/#breadcrumb"},"inLanguage":"pt","potentialAction":[{"@type":"ReadAction","target":["https:\/\/akiarabooks.com\/pt\/um-livro-acordeao-sobre-o-ciclo-de-vida-de-uma-semente\/"]}]},{"@type":"ImageObject","inLanguage":"pt","@id":"https:\/\/akiarabooks.com\/pt\/um-livro-acordeao-sobre-o-ciclo-de-vida-de-uma-semente\/#primaryimage","url":"https:\/\/akiarabooks.com\/wp-content\/uploads\/2020\/12\/Llavor-web-1-scaled.jpg","contentUrl":"https:\/\/akiarabooks.com\/wp-content\/uploads\/2020\/12\/Llavor-web-1-scaled.jpg","width":2560,"height":1280},{"@type":"BreadcrumbList","@id":"https:\/\/akiarabooks.com\/pt\/um-livro-acordeao-sobre-o-ciclo-de-vida-de-uma-semente\/#breadcrumb","itemListElement":[{"@type":"ListItem","position":1,"name":"Inici","item":"https:\/\/akiarabooks.com\/pt\/"},{"@type":"ListItem","position":2,"name":"Um livro acorde\u00e3o sobre o ciclo de vida de uma semente"}]},{"@type":"WebSite","@id":"https:\/\/akiarabooks.com\/pt\/#website","url":"https:\/\/akiarabooks.com\/pt\/","name":"AKIARA books","description":"Llibres inspiradors per a petits i grans","publisher":{"@id":"https:\/\/akiarabooks.com\/pt\/#organization"},"potentialAction":[{"@type":"SearchAction","target":{"@type":"EntryPoint","urlTemplate":"https:\/\/akiarabooks.com\/pt\/?s={search_term_string}"},"query-input":{"@type":"PropertyValueSpecification","valueRequired":true,"valueName":"search_term_string"}}],"inLanguage":"pt"},{"@type":"Organization","@id":"https:\/\/akiarabooks.com\/pt\/#organization","name":"AKIARA books","url":"https:\/\/akiarabooks.com\/pt\/","logo":{"@type":"ImageObject","inLanguage":"pt","@id":"https:\/\/akiarabooks.com\/pt\/#\/schema\/logo\/image\/","url":"https:\/\/akiarabooks.com\/wp-content\/uploads\/2018\/02\/cropped-akiara-black.png","contentUrl":"https:\/\/akiarabooks.com\/wp-content\/uploads\/2018\/02\/cropped-akiara-black.png","width":520,"height":236,"caption":"AKIARA books"},"image":{"@id":"https:\/\/akiarabooks.com\/pt\/#\/schema\/logo\/image\/"}},{"@type":"Person","@id":"https:\/\/akiarabooks.com\/pt\/#\/schema\/person\/116b84437a7f3a790c1edce8edb02fe7","name":"In\u00eas Castel-Branco","image":{"@type":"ImageObject","inLanguage":"pt","@id":"https:\/\/akiarabooks.com\/pt\/#\/schema\/person\/image\/","url":"https:\/\/secure.gravatar.com\/avatar\/c5f62b605ba35ec552fa3bfbffa5b30693d1bd9a566e821bcc70b849f0484360?s=96&d=mm&r=g","contentUrl":"https:\/\/secure.gravatar.com\/avatar\/c5f62b605ba35ec552fa3bfbffa5b30693d1bd9a566e821bcc70b849f0484360?s=96&d=mm&r=g","caption":"In\u00eas Castel-Branco"}}]}},"jetpack_featured_media_url":"https:\/\/akiarabooks.com\/wp-content\/uploads\/2020\/12\/Llavor-web-1-scaled.jpg","_links":{"self":[{"href":"https:\/\/akiarabooks.com\/pt\/wp-json\/wp\/v2\/posts\/8870","targetHints":{"allow":["GET"]}}],"collection":[{"href":"https:\/\/akiarabooks.com\/pt\/wp-json\/wp\/v2\/posts"}],"about":[{"href":"https:\/\/akiarabooks.com\/pt\/wp-json\/wp\/v2\/types\/post"}],"author":[{"embeddable":true,"href":"https:\/\/akiarabooks.com\/pt\/wp-json\/wp\/v2\/users\/4"}],"replies":[{"embeddable":true,"href":"https:\/\/akiarabooks.com\/pt\/wp-json\/wp\/v2\/comments?post=8870"}],"version-history":[{"count":2,"href":"https:\/\/akiarabooks.com\/pt\/wp-json\/wp\/v2\/posts\/8870\/revisions"}],"predecessor-version":[{"id":8872,"href":"https:\/\/akiarabooks.com\/pt\/wp-json\/wp\/v2\/posts\/8870\/revisions\/8872"}],"wp:featuredmedia":[{"embeddable":true,"href":"https:\/\/akiarabooks.com\/pt\/wp-json\/wp\/v2\/media\/8852"}],"wp:attachment":[{"href":"https:\/\/akiarabooks.com\/pt\/wp-json\/wp\/v2\/media?parent=8870"}],"wp:term":[{"taxonomy":"category","embeddable":true,"href":"https:\/\/akiarabooks.com\/pt\/wp-json\/wp\/v2\/categories?post=8870"},{"taxonomy":"post_tag","embeddable":true,"href":"https:\/\/akiarabooks.com\/pt\/wp-json\/wp\/v2\/tags?post=8870"}],"curies":[{"name":"wp","href":"https:\/\/api.w.org\/{rel}","templated":true}]}}